{"id":7881,"date":"2024-01-25T15:25:10","date_gmt":"2024-01-25T18:25:10","guid":{"rendered":"https:\/\/salvadoracontece.com.br\/?p=7881"},"modified":"2024-01-25T15:25:12","modified_gmt":"2024-01-25T18:25:12","slug":"chuvas-intensas-ameacam-nordeste-alerta-inmet","status":"publish","type":"post","link":"https:\/\/salvadoracontece.com.br\/index.php\/2024\/01\/25\/chuvas-intensas-ameacam-nordeste-alerta-inmet\/","title":{"rendered":"Chuvas intensas amea\u00e7am Nordeste, alerta Inmet"},"content":{"rendered":"\n<p>O Instituto Nacional de Meteorologia (Inmet) emitiu alerta laranja para partes de 12 estados e o Distrito Federal, por causa da previs\u00e3o de chuvas intensas, levando perigo a essas localidades entre esta quarta-feira (24) e a pr\u00f3xima sexta-feira (26), pela manh\u00e3. H\u00e1 expectativa de chuva entre 50 e 100 mm\/dia e de ventos intensos (60-100 km\/h). Com isso, h\u00e1 riscos de corte de energia el\u00e9trica, queda de galhos de \u00e1rvores, alagamentos e de descargas el\u00e9tricas.<\/p>\n\n\n\n<p>As \u00e1reas afetadas ser\u00e3o: Leste Goiano, Centro Sul Baiano, Vale S\u00e3o-Franciscano da Bahia, Ocidental do Tocantins, Sudeste Piauiense, Vale do Rio Doce, S\u00e3o Francisco Pernambucano, Sudeste Paraense, Nordeste Mato-grossense, Noroeste Esp\u00edrito-santense, Centro Norte Baiano, Vale do Mucuri, Norte de Minas, Nordeste Baiano, Sul Baiano, Oriental do Tocantins, Jequitinhonha, Norte Mato-grossense, Leste Rondoniense, Sudoeste Paraense, Norte Goiano, Metropolitana de Belo Horizonte, Sudoeste Piauiense, Centro-Norte Piauiense, Metropolitana de Salvador, Extremo Oeste Baiano, Noroeste Goiano, Sert\u00e3o Pernambucano, Noroeste de Minas, Central Mineira, Leste Maranhense, Centro Goiano, Baixo Amazonas, Distrito Federal, Madeira-Guapor\u00e9, Sul Maranhense, Litoral Norte Esp\u00edrito-santense, Centro-Sul Mato-grossense, Sul Cearense, Oeste Maranhense.<\/p>\n\n\n\n<p>O Inmet orienta que, em caso de rajadas de vento, o cidad\u00e3o n\u00e3o se abrigue debaixo de \u00e1rvores, pois h\u00e1 risco de queda e descargas el\u00e9tricas e n\u00e3o estacione ve\u00edculos pr\u00f3ximos a torres de transmiss\u00e3o e placas de propaganda. Se poss\u00edvel, o Inmet sugere o desligamento de aparelhos el\u00e9tricos e quadro geral de energia. Outras informa\u00e7\u00f5es podem ser obtidas na Defesa Civil do seu estado, no telefone 199, ou no Corpo de Bombeiros, 193.<\/p>\n\n\n\n<p>Fonte: Bahia.Ba <\/p>\n","protected":false},"excerpt":{"rendered":"<p>O Instituto Nacional de Meteorologia (Inmet) emitiu alerta laranja para partes de 12 estados e o Distrito Federal, por causa da previs\u00e3o de chuvas intensas, levando perigo a essas localidades entre esta quarta-feira (24) e a pr\u00f3xima sexta-feira (26), pela manh\u00e3. H\u00e1 expectativa de chuva entre 50 e 100 mm\/dia e de ventos intensos (60-100 [&hellip;]<\/p>\n","protected":false},"author":2,"featured_media":7882,"comment_status":"open","ping_status":"open","sticky":false,"template":"","format":"standard","meta":{"footnotes":""},"categories":[85],"tags":[],"class_list":["post-7881","post","type-post","status-publish","format-standard","has-post-thumbnail","hentry","category-noticias"],"_links":{"self":[{"href":"https:\/\/salvadoracontece.com.br\/index.php\/wp-json\/wp\/v2\/posts\/7881","targetHints":{"allow":["GET"]}}],"collection":[{"href":"https:\/\/salvadoracontece.com.br\/index.php\/wp-json\/wp\/v2\/posts"}],"about":[{"href":"https:\/\/salvadoracontece.com.br\/index.php\/wp-json\/wp\/v2\/types\/post"}],"author":[{"embeddable":true,"href":"https:\/\/salvadoracontece.com.br\/index.php\/wp-json\/wp\/v2\/users\/2"}],"replies":[{"embeddable":true,"href":"https:\/\/salvadoracontece.com.br\/index.php\/wp-json\/wp\/v2\/comments?post=7881"}],"version-history":[{"count":1,"href":"https:\/\/salvadoracontece.com.br\/index.php\/wp-json\/wp\/v2\/posts\/7881\/revisions"}],"predecessor-version":[{"id":7883,"href":"https:\/\/salvadoracontece.com.br\/index.php\/wp-json\/wp\/v2\/posts\/7881\/revisions\/7883"}],"wp:featuredmedia":[{"embeddable":true,"href":"https:\/\/salvadoracontece.com.br\/index.php\/wp-json\/wp\/v2\/media\/7882"}],"wp:attachment":[{"href":"https:\/\/salvadoracontece.com.br\/index.php\/wp-json\/wp\/v2\/media?parent=7881"}],"wp:term":[{"taxonomy":"category","embeddable":true,"href":"https:\/\/salvadoracontece.com.br\/index.php\/wp-json\/wp\/v2\/categories?post=7881"},{"taxonomy":"post_tag","embeddable":true,"href":"https:\/\/salvadoracontece.com.br\/index.php\/wp-json\/wp\/v2\/tags?post=7881"}],"curies":[{"name":"wp","href":"https:\/\/api.w.org\/{rel}","templated":true}]}}