{"id":7884,"date":"2024-01-25T15:36:02","date_gmt":"2024-01-25T18:36:02","guid":{"rendered":"https:\/\/salvadoracontece.com.br\/?p=7884"},"modified":"2024-01-25T15:36:04","modified_gmt":"2024-01-25T18:36:04","slug":"lula-faz-criticas-a-vale-em-meio-a-pressao-por-nomeacao-de-mantega","status":"publish","type":"post","link":"https:\/\/salvadoracontece.com.br\/index.php\/2024\/01\/25\/lula-faz-criticas-a-vale-em-meio-a-pressao-por-nomeacao-de-mantega\/","title":{"rendered":"Lula faz cr\u00edticas a Vale em meio a press\u00e3o por nomea\u00e7\u00e3o de Mantega"},"content":{"rendered":"\n<p>O presidente Lula (PT) fez duras cr\u00edticas \u00e0 minerdora Vale em suas redes sociais ao lembrar do marco de cinco anos da trag\u00e9dia ocorida em Brumadinho-MG, completos nesta quinta-feira, 25.<\/p>\n\n\n\n<p>O petista cobrou ainda a\u00e7\u00f5es de repara\u00e7\u00e3o da mineradora. Segundo o chefe do Planalto, quase meia d\u00e9cada ap\u00f3s o rompimento da barragem \u201ca Vale nada fez para reparar a destrui\u00e7\u00e3o causada\u201d.<\/p>\n\n\n\n<p>\u201cHoje faz 5 anos do crime que deixou Brumadinho debaixo de lama, tirando vidas e destruindo o meio ambiente. 5 anos e a Vale nada fez para reparar a destrui\u00e7\u00e3o causada\u201d, escreveu.<\/p>\n\n\n\n<p>As falas de Lula v\u00eam em meio ao \u00e0 press\u00e3o do governo pela nomea\u00e7\u00e3o do petista Guido Mantega para o comando ou a diretoria da empresa mineradora. Lula, inclusive, defende a indica\u00e7\u00e3o.&nbsp;<\/p>\n\n\n\n<p>Guido Mantega foi ministro do Planejamento, presidente do BNDES e ministro da Fazenda nos dois mandatos de Lula. Ele tamb\u00e9m atuou na \u00e1rea econ\u00f4mica na gest\u00e3o de Dilma Rousseff.<\/p>\n\n\n\n<p>Fonte: A Tarde <\/p>\n","protected":false},"excerpt":{"rendered":"<p>O presidente Lula (PT) fez duras cr\u00edticas \u00e0 minerdora Vale em suas redes sociais ao lembrar do marco de cinco anos da trag\u00e9dia ocorida em Brumadinho-MG, completos nesta quinta-feira, 25. O petista cobrou ainda a\u00e7\u00f5es de repara\u00e7\u00e3o da mineradora. Segundo o chefe do Planalto, quase meia d\u00e9cada ap\u00f3s o rompimento da barragem \u201ca Vale nada [&hellip;]<\/p>\n","protected":false},"author":2,"featured_media":7885,"comment_status":"open","ping_status":"open","sticky":false,"template":"","format":"standard","meta":{"footnotes":""},"categories":[91],"tags":[],"class_list":["post-7884","post","type-post","status-publish","format-standard","has-post-thumbnail","hentry","category-politica"],"_links":{"self":[{"href":"https:\/\/salvadoracontece.com.br\/index.php\/wp-json\/wp\/v2\/posts\/7884","targetHints":{"allow":["GET"]}}],"collection":[{"href":"https:\/\/salvadoracontece.com.br\/index.php\/wp-json\/wp\/v2\/posts"}],"about":[{"href":"https:\/\/salvadoracontece.com.br\/index.php\/wp-json\/wp\/v2\/types\/post"}],"author":[{"embeddable":true,"href":"https:\/\/salvadoracontece.com.br\/index.php\/wp-json\/wp\/v2\/users\/2"}],"replies":[{"embeddable":true,"href":"https:\/\/salvadoracontece.com.br\/index.php\/wp-json\/wp\/v2\/comments?post=7884"}],"version-history":[{"count":1,"href":"https:\/\/salvadoracontece.com.br\/index.php\/wp-json\/wp\/v2\/posts\/7884\/revisions"}],"predecessor-version":[{"id":7886,"href":"https:\/\/salvadoracontece.com.br\/index.php\/wp-json\/wp\/v2\/posts\/7884\/revisions\/7886"}],"wp:featuredmedia":[{"embeddable":true,"href":"https:\/\/salvadoracontece.com.br\/index.php\/wp-json\/wp\/v2\/media\/7885"}],"wp:attachment":[{"href":"https:\/\/salvadoracontece.com.br\/index.php\/wp-json\/wp\/v2\/media?parent=7884"}],"wp:term":[{"taxonomy":"category","embeddable":true,"href":"https:\/\/salvadoracontece.com.br\/index.php\/wp-json\/wp\/v2\/categories?post=7884"},{"taxonomy":"post_tag","embeddable":true,"href":"https:\/\/salvadoracontece.com.br\/index.php\/wp-json\/wp\/v2\/tags?post=7884"}],"curies":[{"name":"wp","href":"https:\/\/api.w.org\/{rel}","templated":true}]}}