{"id":8007,"date":"2024-01-30T13:23:36","date_gmt":"2024-01-30T16:23:36","guid":{"rendered":"https:\/\/salvadoracontece.com.br\/?p=8007"},"modified":"2024-01-30T13:23:38","modified_gmt":"2024-01-30T16:23:38","slug":"folioes-lamentam-cancelamento-do-ara-ketu-no-carnaval-de-salvador","status":"publish","type":"post","link":"https:\/\/salvadoracontece.com.br\/index.php\/2024\/01\/30\/folioes-lamentam-cancelamento-do-ara-ketu-no-carnaval-de-salvador\/","title":{"rendered":"Foli\u00f5es lamentam cancelamento do Ara Ketu no Carnaval de Salvador"},"content":{"rendered":"\n<p>A not\u00edcia de que a banda\u00a0Ara Ketu n\u00e3o vai desfilar no Carnaval de Salvador\u00a0pegou muita gente de surpresa. Mas al\u00e9m disso, muitos foli\u00f5es ficaram indignados com a aus\u00eancia do bloco, considerado um dos mais tradicionais da folia momesca.<\/p>\n\n\n\n<p>A decis\u00e3o foi publicada pelo grupo, que vai completar 45 anos de funda\u00e7\u00e3o neste ano, em uma carta aberta na tarde desta ter\u00e7a-feira, 30, e logo causou o maior burburinho nas redes sociais.<\/p>\n\n\n\n<p>\u201cAqui vai acabar minha hist\u00f3ria do Carnaval depois de 28 anos. Me apaixonei por Salvador no dia do meu primeiro ensaio com Ara na Rua Chile. Eu sou alem\u00e3 de cora\u00e7\u00e3o baiana \u2026 Eu estava no bloco por mais do que 15 anos, comprava abad\u00e1 com antecend\u00eancia. Sempre foi o meu \u201cHighlight\u201d do ano. Sair no Ara, claro e com outros blocos tbm. Eu senti a Bahia, senti essa felicidade de vcs, dos baianos. Eu cantava as m\u00fasicas do Ara antes de aprender a sua l\u00edngua\u201d, relatou uma foli\u00e3.<\/p>\n\n\n\n<p>\u201cAraketu, com Tatau ou Dan Miranda, sempre nos deixa com o cora\u00e7\u00e3o cheio de amor. Seremos sempre Araketu\u201d, declarou outro internauta.<\/p>\n\n\n\n<p>\u201cQue absurdo! Uma das maiores bandas fora do carnaval! O Araketu faz parte do carnaval a anos! Repert\u00f3rio maravilhoso e com grandes sucessos at\u00e9 hoje no nossos carnavais! Triste isso que aconteceu com a banda!\u201d, lamentou um outro perfil.<\/p>\n\n\n\n<p>Segundo a banda, n\u00e3o houve consenso para os cach\u00eas ofertados pelo poder p\u00fablico. A reportagem\u00a0entrou em contato com a Prefeitura de Salvador e com o Governo do Estado, mas at\u00e9 a publica\u00e7\u00e3o desta mat\u00e9ria, n\u00e3o houve retorno. O espa\u00e7o segue aberto. <\/p>\n\n\n\n<p>Fonte: A Tarde <\/p>\n","protected":false},"excerpt":{"rendered":"<p>A not\u00edcia de que a banda\u00a0Ara Ketu n\u00e3o vai desfilar no Carnaval de Salvador\u00a0pegou muita gente de surpresa. Mas al\u00e9m disso, muitos foli\u00f5es ficaram indignados com a aus\u00eancia do bloco, considerado um dos mais tradicionais da folia momesca. A decis\u00e3o foi publicada pelo grupo, que vai completar 45 anos de funda\u00e7\u00e3o neste ano, em uma [&hellip;]<\/p>\n","protected":false},"author":2,"featured_media":8008,"comment_status":"open","ping_status":"open","sticky":false,"template":"","format":"standard","meta":{"footnotes":""},"categories":[85],"tags":[],"class_list":["post-8007","post","type-post","status-publish","format-standard","has-post-thumbnail","hentry","category-noticias"],"_links":{"self":[{"href":"https:\/\/salvadoracontece.com.br\/index.php\/wp-json\/wp\/v2\/posts\/8007","targetHints":{"allow":["GET"]}}],"collection":[{"href":"https:\/\/salvadoracontece.com.br\/index.php\/wp-json\/wp\/v2\/posts"}],"about":[{"href":"https:\/\/salvadoracontece.com.br\/index.php\/wp-json\/wp\/v2\/types\/post"}],"author":[{"embeddable":true,"href":"https:\/\/salvadoracontece.com.br\/index.php\/wp-json\/wp\/v2\/users\/2"}],"replies":[{"embeddable":true,"href":"https:\/\/salvadoracontece.com.br\/index.php\/wp-json\/wp\/v2\/comments?post=8007"}],"version-history":[{"count":1,"href":"https:\/\/salvadoracontece.com.br\/index.php\/wp-json\/wp\/v2\/posts\/8007\/revisions"}],"predecessor-version":[{"id":8009,"href":"https:\/\/salvadoracontece.com.br\/index.php\/wp-json\/wp\/v2\/posts\/8007\/revisions\/8009"}],"wp:featuredmedia":[{"embeddable":true,"href":"https:\/\/salvadoracontece.com.br\/index.php\/wp-json\/wp\/v2\/media\/8008"}],"wp:attachment":[{"href":"https:\/\/salvadoracontece.com.br\/index.php\/wp-json\/wp\/v2\/media?parent=8007"}],"wp:term":[{"taxonomy":"category","embeddable":true,"href":"https:\/\/salvadoracontece.com.br\/index.php\/wp-json\/wp\/v2\/categories?post=8007"},{"taxonomy":"post_tag","embeddable":true,"href":"https:\/\/salvadoracontece.com.br\/index.php\/wp-json\/wp\/v2\/tags?post=8007"}],"curies":[{"name":"wp","href":"https:\/\/api.w.org\/{rel}","templated":true}]}}