{"id":8010,"date":"2024-01-30T14:16:53","date_gmt":"2024-01-30T17:16:53","guid":{"rendered":"https:\/\/salvadoracontece.com.br\/?p=8010"},"modified":"2024-01-30T14:16:54","modified_gmt":"2024-01-30T17:16:54","slug":"bahia-vai-implementar-o-futsal-no-processo-de-formacao-de-jogadores-nas-divisoes-de-base","status":"publish","type":"post","link":"https:\/\/salvadoracontece.com.br\/index.php\/2024\/01\/30\/bahia-vai-implementar-o-futsal-no-processo-de-formacao-de-jogadores-nas-divisoes-de-base\/","title":{"rendered":"Bahia vai implementar o futsal no processo de forma\u00e7\u00e3o de jogadores nas divis\u00f5es de base"},"content":{"rendered":"\n<p>O Bahia est\u00e1 fazendo mudan\u00e7as nas suas divis\u00f5es de base e uma delas ser\u00e1 a implementa\u00e7\u00e3o do futsal no processo de forma\u00e7\u00e3o dos jogadores. De acordo com apura\u00e7\u00e3o do Bahia Not\u00edcias, os jovens talentos, com idades entre 8 e 14 anos, ter\u00e3o treinamentos semanais nas quadras.<\/p>\n\n\n\n<p>O futsal ser\u00e1 utilizado apenas com foco apenas na forma\u00e7\u00e3o de jogadores para o futebol de campo. A ideia \u00e9 complementar o desenvolvimento dos jovens talentos.<\/p>\n\n\n\n<p>Esta iniciativa j\u00e1 acontece em outros clubes brasileiros como Santos e Fluminense. Inclusive, Marcelo Teixeira, novo diretor da base do Tricolor baiano, participou do processo de implementa\u00e7\u00e3o da modalidade no processo de forma\u00e7\u00e3o de atletas do clube carioca. Um dos principais exemplos \u00e9 o lateral Marcelo, ex-jogador do Real Madrid e da Sele\u00e7\u00e3o Brasileira, e que atual no time das Laranjeiras. Ele foi levado das quadras para o campo de Xer\u00e9m pelo dirigente.<\/p>\n\n\n\n<p>Chamados de Pivetes de A\u00e7o, os jovens talentos do Bahia est\u00e3o treinando no Complexo Arena Villas, em Villas do Atl\u00e2ntico, Lauro de Freitas. <\/p>\n\n\n\n<p>Fonte: Bahia Not\u00edcias <\/p>\n","protected":false},"excerpt":{"rendered":"<p>O Bahia est\u00e1 fazendo mudan\u00e7as nas suas divis\u00f5es de base e uma delas ser\u00e1 a implementa\u00e7\u00e3o do futsal no processo de forma\u00e7\u00e3o dos jogadores. De acordo com apura\u00e7\u00e3o do Bahia Not\u00edcias, os jovens talentos, com idades entre 8 e 14 anos, ter\u00e3o treinamentos semanais nas quadras. O futsal ser\u00e1 utilizado apenas com foco apenas na [&hellip;]<\/p>\n","protected":false},"author":2,"featured_media":8011,"comment_status":"open","ping_status":"open","sticky":false,"template":"","format":"standard","meta":{"footnotes":""},"categories":[89],"tags":[],"class_list":["post-8010","post","type-post","status-publish","format-standard","has-post-thumbnail","hentry","category-esportes"],"_links":{"self":[{"href":"https:\/\/salvadoracontece.com.br\/index.php\/wp-json\/wp\/v2\/posts\/8010","targetHints":{"allow":["GET"]}}],"collection":[{"href":"https:\/\/salvadoracontece.com.br\/index.php\/wp-json\/wp\/v2\/posts"}],"about":[{"href":"https:\/\/salvadoracontece.com.br\/index.php\/wp-json\/wp\/v2\/types\/post"}],"author":[{"embeddable":true,"href":"https:\/\/salvadoracontece.com.br\/index.php\/wp-json\/wp\/v2\/users\/2"}],"replies":[{"embeddable":true,"href":"https:\/\/salvadoracontece.com.br\/index.php\/wp-json\/wp\/v2\/comments?post=8010"}],"version-history":[{"count":1,"href":"https:\/\/salvadoracontece.com.br\/index.php\/wp-json\/wp\/v2\/posts\/8010\/revisions"}],"predecessor-version":[{"id":8012,"href":"https:\/\/salvadoracontece.com.br\/index.php\/wp-json\/wp\/v2\/posts\/8010\/revisions\/8012"}],"wp:featuredmedia":[{"embeddable":true,"href":"https:\/\/salvadoracontece.com.br\/index.php\/wp-json\/wp\/v2\/media\/8011"}],"wp:attachment":[{"href":"https:\/\/salvadoracontece.com.br\/index.php\/wp-json\/wp\/v2\/media?parent=8010"}],"wp:term":[{"taxonomy":"category","embeddable":true,"href":"https:\/\/salvadoracontece.com.br\/index.php\/wp-json\/wp\/v2\/categories?post=8010"},{"taxonomy":"post_tag","embeddable":true,"href":"https:\/\/salvadoracontece.com.br\/index.php\/wp-json\/wp\/v2\/tags?post=8010"}],"curies":[{"name":"wp","href":"https:\/\/api.w.org\/{rel}","templated":true}]}}