{"id":8013,"date":"2024-01-30T15:30:57","date_gmt":"2024-01-30T18:30:57","guid":{"rendered":"https:\/\/salvadoracontece.com.br\/?p=8013"},"modified":"2024-01-30T15:30:59","modified_gmt":"2024-01-30T18:30:59","slug":"sentimento-de-frustracao-geral-diz-empresario-do-ara-ketu","status":"publish","type":"post","link":"https:\/\/salvadoracontece.com.br\/index.php\/2024\/01\/30\/sentimento-de-frustracao-geral-diz-empresario-do-ara-ketu\/","title":{"rendered":"&#8220;Sentimento de frustra\u00e7\u00e3o geral&#8221;, diz empres\u00e1rio do Ara Ketu"},"content":{"rendered":"\n<p>A decis\u00e3o de\u00a0n\u00e3o sair no Carnaval de Salvador\u00a0foi tomada no \u00faltimo s\u00e1bado, 27, em comum acordo entre todos os integrantes do Ara Ketu, explicou Cristiano Lacerda, empres\u00e1rio do bloco. Em conversa ele detalhou o sentimento da banda, que s\u00f3 n\u00e3o esteve presente na folia momesca da capital antes, em 1993.<\/p>\n\n\n\n<p>De acordo com Lacerda, o motivo foi o baixo cach\u00ea oferecido pelo poder p\u00fablico. Primeiro, pelo edital Ouro Negro, que classificou o Ara Ketu como um bloco iniciante e depois, pela Prefeitura de Salvador, que n\u00e3o atualiza a verba disponibilizada desde 2018.<\/p>\n\n\n\n<p>\u201cImagin\u00e1vamos que seria importante para o Carnaval de Salvador a volta do bloco Ara Ketu, n\u00e3o nos moldes tradicionais, muito mais como social. A gente n\u00e3o ia comercializar abad\u00e1, far\u00edamos fazer troca por alimento n\u00e3o perec\u00edvel, fazer caravanas do povo suburbano, mas a verba inviabilizou a nossa sa\u00edda\u201d.<\/p>\n\n\n\n<p>O empres\u00e1rio diz que ap\u00f3s o empecilho no edital do Estado, j\u00e1 havia tomado a decis\u00e3o de que o bloco n\u00e3o sairia, mas acabou sendo chamado pelo poder municipal para conversar. Mas o valor para o desfile, no entanto, seria o mesmo de 2018, diferente do que havia sido acordado.<\/p>\n\n\n\n<p>\u201cA gente tomou um grande susto, porque a gente n\u00e3o imaginava nunca uma situa\u00e7\u00e3o dessas. E ent\u00e3o, decidimos no s\u00e1bado que a gente n\u00e3o iria mais sair,. Durante o final de semana, ainda tiveram algumas liga\u00e7\u00f5es, entre outros prepostos, pedindo que a gente se acalmasse, que iria at\u00e9 resolver a situa\u00e7\u00e3o, mas a gente est\u00e1 hoje na ter\u00e7a-feira, dia 30 de janeiro. A sa\u00edda do Ara Ketu seria dia 8 de fevereiro, ou seja, daqui a menos de 10 dias e at\u00e9 ent\u00e3o, a gente n\u00e3o sabe nada\u2019.<\/p>\n\n\n\n<p>\u201cNos \u00faltimos anos, nos foram destinados trios de p\u00e9ssima qualidade e hor\u00e1rios horr\u00edveis, saindo 2 da manh\u00e3, 3 da manh\u00e3, s\u00f3 mesmo para poder cumprir a tabela e dizer que a gente saiu. E a gente resolveu que a gente tem o nosso valor, que nesses hor\u00e1rios, nessas condi\u00e7\u00f5es, e ainda por cima, pelo pre\u00e7o que eles estavam querendo pagar, que \u00e9 o mesmo desde 2018. Era hora da gente abrir m\u00e3o da folia e foi essa nossa decis\u00e3o\u201d, completa.<\/p>\n\n\n\n<p><strong>Salvador \u201cde m\u00e3o\u201d<\/strong><\/p>\n\n\n\n<p>De acordo com Cristiano, o sentimento da banda \u00e9 de frustra\u00e7\u00e3o geral. O empres\u00e1rio conta que devido a algumas tratativas do carnaval, os pr\u00f3prios integrantes j\u00e1 haviam pedido antes para que o bloco deixasse a capital baiana \u201cde m\u00e3o\u201d.<\/p>\n\n\n\n<p>\u201cDesde n\u00f3s que fazemos parte da dire\u00e7\u00e3o at\u00e9 o rol de o pr\u00f3prio artista, os m\u00fasicos, a equipe t\u00e9cnica\u201d. Eles [a equipe], inclusive, s\u00e3o muito solid\u00e1rios \u00e0 nossa decis\u00e3o por estarem com a gente durante esses anos todos e perceberem a desvaloriza\u00e7\u00e3o que \u00e9 feita com um produto como o Ara Ketu por conta de equipamentos ruins, de hor\u00e1rios ruins, e a gente, muitas vezes, \u2018t\u00e1\u2019 tocando at\u00e9 sem p\u00fablico por conta do hor\u00e1rio que a gente sai. E eles, inclusive, j\u00e1 haviam me pedido para que deixassem o Salvador \u2018de m\u00e3o\u2019, pedindo que a gente se fosse nessas condi\u00e7\u00f5es que eles preferiam tamb\u00e9m n\u00e3o sair\u201d.<\/p>\n\n\n\n<p>Mas segundo ele, o que consola a banda \u00e9 o sucesso em outras cidades do Brasil. Nas redes sociais,\u00a0muitos foli\u00f5es lamentaram\u00a0a aus\u00eancia do Ara na folia de Salvador. Em coment\u00e1rio na postagem do perfil do Grupo A TARDE, o ator Luis Miranda disse que a situa\u00e7\u00e3o \u00e9 uma &#8220;vergonha&#8221;. &#8220;Vergonha para a cidade, pois sabemos os cach\u00eas pagos para atrair estrelas brasileiras que em nada tem haver com a hist\u00f3ria do carnaval de salvador. Os artistas ricos deveriam se unir para que o bloco saia&#8221;.<\/p>\n\n\n\n<p>\u201cA banda, gra\u00e7as a Deus, toca no Brasil todo, basta a gente sair de Salvador, que \u00e9 recebido com muita dignidade, com muito carinho em qualquer local que a gente venha a tocar e eles como m\u00fasicos, n\u00e3o falo somente de Dan [Miranda, vocalista], mas eu falo da banda geral, eles tem muita diferen\u00e7a de tratamento que \u00e9 dado aqui na nossa casa, para fora\u201d, finalizou Lacerda.<\/p>\n\n\n\n<p><strong>Posicionamento<\/strong><\/p>\n\n\n\n<p>Em contato com a reportagem do&nbsp;<strong>Portal A TARDE<\/strong>, o Governo do Estado, via Secretaria de Cultura (Secult) afirmou que h\u00e1 meses, tentou di\u00e1logo com o grupo para tentar garantir a sua participa\u00e7\u00e3o no Carnaval de 2024. &#8220;A equipe t\u00e9cnica da SecultBa deu suporte cont\u00e1bil e jur\u00eddico para que o Araketu conseguisse realizar a inscri\u00e7\u00e3o no programa Ouro Negro. O edital leva em considera\u00e7\u00e3o crit\u00e9rios objetivos relacionados aos Blocos Afro, Afox\u00e9s, Blocos de Samba, de Reggae e de \u00cdndio e, como foi a primeira vez que o Araketu se inscreveu, recebeu uma pontua\u00e7\u00e3o que o colocava em uma faixa para receber um valor espec\u00edfico&#8221;.<\/p>\n\n\n\n<p>&#8220;O bloco n\u00e3o foi desclassificado, mas declinou do apoio por conta do valor que receberia a partir da pontua\u00e7\u00e3o alcan\u00e7ada no certame. A SecultBa lamenta a desist\u00eancia do Araketu ao programa de fomento e continua mantendo respeito e apoio aos Blocos Afro que muito contribuem com o desenvolvimento sociocultural de suas comunidades em toda Bahia&#8221;, informou o \u00f3rg\u00e3o.<\/p>\n\n\n\n<p>A Prefeitura de Salvador ainda n\u00e3o respondeu ao nosso contato. O espa\u00e7o segue aberto. <\/p>\n\n\n\n<p>Fonte: A Tarde <\/p>\n","protected":false},"excerpt":{"rendered":"<p>A decis\u00e3o de\u00a0n\u00e3o sair no Carnaval de Salvador\u00a0foi tomada no \u00faltimo s\u00e1bado, 27, em comum acordo entre todos os integrantes do Ara Ketu, explicou Cristiano Lacerda, empres\u00e1rio do bloco. Em conversa ele detalhou o sentimento da banda, que s\u00f3 n\u00e3o esteve presente na folia momesca da capital antes, em 1993. De acordo com Lacerda, o [&hellip;]<\/p>\n","protected":false},"author":2,"featured_media":8014,"comment_status":"open","ping_status":"open","sticky":false,"template":"","format":"standard","meta":{"footnotes":""},"categories":[85],"tags":[],"class_list":["post-8013","post","type-post","status-publish","format-standard","has-post-thumbnail","hentry","category-noticias"],"_links":{"self":[{"href":"https:\/\/salvadoracontece.com.br\/index.php\/wp-json\/wp\/v2\/posts\/8013","targetHints":{"allow":["GET"]}}],"collection":[{"href":"https:\/\/salvadoracontece.com.br\/index.php\/wp-json\/wp\/v2\/posts"}],"about":[{"href":"https:\/\/salvadoracontece.com.br\/index.php\/wp-json\/wp\/v2\/types\/post"}],"author":[{"embeddable":true,"href":"https:\/\/salvadoracontece.com.br\/index.php\/wp-json\/wp\/v2\/users\/2"}],"replies":[{"embeddable":true,"href":"https:\/\/salvadoracontece.com.br\/index.php\/wp-json\/wp\/v2\/comments?post=8013"}],"version-history":[{"count":1,"href":"https:\/\/salvadoracontece.com.br\/index.php\/wp-json\/wp\/v2\/posts\/8013\/revisions"}],"predecessor-version":[{"id":8015,"href":"https:\/\/salvadoracontece.com.br\/index.php\/wp-json\/wp\/v2\/posts\/8013\/revisions\/8015"}],"wp:featuredmedia":[{"embeddable":true,"href":"https:\/\/salvadoracontece.com.br\/index.php\/wp-json\/wp\/v2\/media\/8014"}],"wp:attachment":[{"href":"https:\/\/salvadoracontece.com.br\/index.php\/wp-json\/wp\/v2\/media?parent=8013"}],"wp:term":[{"taxonomy":"category","embeddable":true,"href":"https:\/\/salvadoracontece.com.br\/index.php\/wp-json\/wp\/v2\/categories?post=8013"},{"taxonomy":"post_tag","embeddable":true,"href":"https:\/\/salvadoracontece.com.br\/index.php\/wp-json\/wp\/v2\/tags?post=8013"}],"curies":[{"name":"wp","href":"https:\/\/api.w.org\/{rel}","templated":true}]}}