{"id":8019,"date":"2024-01-30T16:34:21","date_gmt":"2024-01-30T19:34:21","guid":{"rendered":"https:\/\/salvadoracontece.com.br\/?p=8019"},"modified":"2024-01-30T16:34:23","modified_gmt":"2024-01-30T19:34:23","slug":"carnaval-do-santo-antonio-alem-do-carmo-vai-contar-com-750-policiais","status":"publish","type":"post","link":"https:\/\/salvadoracontece.com.br\/index.php\/2024\/01\/30\/carnaval-do-santo-antonio-alem-do-carmo-vai-contar-com-750-policiais\/","title":{"rendered":"Carnaval do Santo Ant\u00f4nio Al\u00e9m do Carmo vai contar com 750 policiais"},"content":{"rendered":"\n<p>A Secretaria da Seguran\u00e7a P\u00fablica atuar\u00e1 com 750 policiais militares, civis e t\u00e9cnicos no Carnaval do Santo Ant\u00f4nio al\u00e9m do Carmo, na capital baiana. Na manh\u00e3 desta ter\u00e7a-feira, 30, representantes das for\u00e7as de seguran\u00e7a, dos 14 blocos que desfilam no evento e moradores se reuniram para tratar sobre quest\u00f5es do evento.<\/p>\n\n\n\n<p>De acordo com a SSP-BA, quatro Portais de Abordagem ser\u00e3o montados pela PM nos acessos da festa. Objetos cortantes e pistolas de \u00e1gua ser\u00e3o proibidos. Oito c\u00e2meras do Sistema de Reconhecimento Facial da SSP ser\u00e3o implantadas nos bloqueios.<\/p>\n\n\n\n<p>A PM tamb\u00e9m realizar\u00e1, em parceria com a Transalvador, o controle do acesso de ve\u00edculos.<\/p>\n\n\n\n<p>Pela primeira vez, Postos de Comando e do Departamento de Pol\u00edcia T\u00e9cnica, al\u00e9m de uma Delegacia Especial de \u00c1rea (DEA), ser\u00e3o montados no Forte da Capoeira.<\/p>\n\n\n\n<p><strong>Pol\u00edcia Militar<\/strong><\/p>\n\n\n\n<p>O efetivo do 18\u00ba Batalh\u00e3o da Pol\u00edcia Militar (BPM\/Centro Hist\u00f3rico) refor\u00e7ar\u00e1 o trabalho ostensivo com patrulhas espalhadas ao longo da regi\u00e3o. Postos Elevados de Observa\u00e7\u00e3o ser\u00e3o utilizados. \u201cEstaremos com o refor\u00e7o do efetivo do Comando de Policiamento Regional da Capital (CPR-C) Ba\u00eda de Todos os Santos e de unidades especializadas. Tr\u00eas Bases M\u00f3veis ser\u00e3o distribu\u00eddas em pontos estrat\u00e9gicos\u201d, detalhou o comandante da unidade, tenente-coronel Agnaldo Ceita.<\/p>\n\n\n\n<p><strong>Pol\u00edcia Civil<\/strong><\/p>\n\n\n\n<p>Cerca de 100 policiais civis, entre delegados, escriv\u00e3es e investigadores, desempenhar\u00e3o a\u00e7\u00f5es de intelig\u00eancia no evento. Registro de Boletim de Ocorr\u00eancia, formaliza\u00e7\u00e3o de procedimento e orienta\u00e7\u00f5es para os foli\u00f5es ser\u00e3o promovidos, onforme detalhou o coordenador de opera\u00e7\u00f5es da PC, delegado Arthur Guimar\u00e3es.<\/p>\n\n\n\n<p>&#8220;Equipes da Delegacia de Prote\u00e7\u00e3o ao Turista (Deltur) estar\u00e3o empregadas na DEA para atender, com mais facilidade, o turista\u201d, disse o delegado.<\/p>\n\n\n\n<p>Equipes veladas atuar\u00e3o no Centro Hist\u00f3rico para identificar e capturar criminosos.<\/p>\n\n\n\n<p>Integrantes das Secretarias Municipais de Ordem P\u00fablica (Semop) e de Desenvolvimento e Urbanismo e da Prefeitura-Bairro do Centro Hist\u00f3rico, al\u00e9m da Transalvador participaram do encontro<\/p>\n\n\n\n<p>Fonte: A Tarde <\/p>\n\n\n\n<p><\/p>\n","protected":false},"excerpt":{"rendered":"<p>A Secretaria da Seguran\u00e7a P\u00fablica atuar\u00e1 com 750 policiais militares, civis e t\u00e9cnicos no Carnaval do Santo Ant\u00f4nio al\u00e9m do Carmo, na capital baiana. Na manh\u00e3 desta ter\u00e7a-feira, 30, representantes das for\u00e7as de seguran\u00e7a, dos 14 blocos que desfilam no evento e moradores se reuniram para tratar sobre quest\u00f5es do evento. De acordo com a [&hellip;]<\/p>\n","protected":false},"author":2,"featured_media":8020,"comment_status":"open","ping_status":"open","sticky":false,"template":"","format":"standard","meta":{"footnotes":""},"categories":[85],"tags":[],"class_list":["post-8019","post","type-post","status-publish","format-standard","has-post-thumbnail","hentry","category-noticias"],"_links":{"self":[{"href":"https:\/\/salvadoracontece.com.br\/index.php\/wp-json\/wp\/v2\/posts\/8019","targetHints":{"allow":["GET"]}}],"collection":[{"href":"https:\/\/salvadoracontece.com.br\/index.php\/wp-json\/wp\/v2\/posts"}],"about":[{"href":"https:\/\/salvadoracontece.com.br\/index.php\/wp-json\/wp\/v2\/types\/post"}],"author":[{"embeddable":true,"href":"https:\/\/salvadoracontece.com.br\/index.php\/wp-json\/wp\/v2\/users\/2"}],"replies":[{"embeddable":true,"href":"https:\/\/salvadoracontece.com.br\/index.php\/wp-json\/wp\/v2\/comments?post=8019"}],"version-history":[{"count":1,"href":"https:\/\/salvadoracontece.com.br\/index.php\/wp-json\/wp\/v2\/posts\/8019\/revisions"}],"predecessor-version":[{"id":8021,"href":"https:\/\/salvadoracontece.com.br\/index.php\/wp-json\/wp\/v2\/posts\/8019\/revisions\/8021"}],"wp:featuredmedia":[{"embeddable":true,"href":"https:\/\/salvadoracontece.com.br\/index.php\/wp-json\/wp\/v2\/media\/8020"}],"wp:attachment":[{"href":"https:\/\/salvadoracontece.com.br\/index.php\/wp-json\/wp\/v2\/media?parent=8019"}],"wp:term":[{"taxonomy":"category","embeddable":true,"href":"https:\/\/salvadoracontece.com.br\/index.php\/wp-json\/wp\/v2\/categories?post=8019"},{"taxonomy":"post_tag","embeddable":true,"href":"https:\/\/salvadoracontece.com.br\/index.php\/wp-json\/wp\/v2\/tags?post=8019"}],"curies":[{"name":"wp","href":"https:\/\/api.w.org\/{rel}","templated":true}]}}