{"id":8043,"date":"2024-01-31T14:42:52","date_gmt":"2024-01-31T17:42:52","guid":{"rendered":"https:\/\/salvadoracontece.com.br\/?p=8043"},"modified":"2024-01-31T14:42:54","modified_gmt":"2024-01-31T17:42:54","slug":"livre-no-mercado-diego-costa-e-monitorado-pelo-vitoria","status":"publish","type":"post","link":"https:\/\/salvadoracontece.com.br\/index.php\/2024\/01\/31\/livre-no-mercado-diego-costa-e-monitorado-pelo-vitoria\/","title":{"rendered":"Livre no mercado, Diego Costa \u00e9 monitorado pelo Vit\u00f3ria"},"content":{"rendered":"\n<p>O atacante hispano-brasileiro Diego Costa, que jogou a \u00faltima temporada pelo Botafogo, \u00e9 monitorado pelo Vit\u00f3ria, segundo apura\u00e7\u00e3o do\u00a0Bahia Not\u00edcias, nesta quarta-feira (31). Atualmente com 35 anos, Diego est\u00e1 livre no mercado ap\u00f3s o t\u00e9rmino do seu contrato com o Botafogo, no fim do ano passado.<\/p>\n\n\n\n<p>Ap\u00f3s ser campe\u00e3o da S\u00e9rie B em 2023, o Vit\u00f3ria realizou 15 contrata\u00e7\u00f5es para a atual temporada, entre elas os centroavantes Caio Dantas, ex-Vila Nova, e Alerrandro, ex-RB Bragantino. L\u00e9o Gamalho, outro centroavante do plantel rubro-negro, est\u00e1 em processo de recupera\u00e7\u00e3o ap\u00f3s cirurgia realizada no joelho direito, em les\u00e3o sofrida no jogo contra o Novorizontino, na antepen\u00faltima rodada da S\u00e9rie B do ano passado.\u00a0As outras aquisi\u00e7\u00f5es do Vit\u00f3ria nesta janela de transfer\u00eancias foram os goleiros Muriel, Alexandre Fintelman e Maycon Cleiton, o zagueiro Cristi\u00e1n Zapata, os laterais Ra\u00fal C\u00e1ceres, Patric Calmon e Lucas Esteves, os volantes Willian Oliveira e Caio Vin\u00edcius, os meias Luan e Daniel J\u00fanior e os pontas Everaldo e Eryc Castillo.\u00a0<\/p>\n\n\n\n<p>Brasileiro naturalizado espanhol, Diego Costa vem de 15 jogos e tr\u00eas gols pelo Botafogo em 2023. Com atua\u00e7\u00f5es pelas sele\u00e7\u00f5es do Brasil e da Espanha, o jogador come\u00e7ou no Braga, de Portugal, e acumula passagens por Atl\u00e9tico de Madrid, Celta de Vigo, Chelsea, Atl\u00e9tico Mineiro, entre outros clubes. Os seus principais t\u00edtulos s\u00e3o os Campeonatos Espanh\u00f3is de 2014 e 2021, e a Liga Europa de 2018, com o Atl\u00e9tico de Madrid, os Campeonatos Ingleses de 2015 e 2017, com o Chelsea, e o Campeonato Brasileiro de 2021, com o Atl\u00e9tico-MG.<\/p>\n\n\n\n<p>L\u00edder do Campeonato Baiano e j\u00e1 classificado para a terceira fase da Copa do Brasil, gra\u00e7as ao t\u00edtulo nacional de 2023, o Vit\u00f3ria ainda disputar\u00e1 em 2024 a Copa do Nordeste &#8211; estreia neste domingo (4), contra o Altos, em Teresina, no Piau\u00ed &#8211; e a S\u00e9rie A do Brasileir\u00e3o, torneio que volta a jogar ap\u00f3s seis anos. O Le\u00e3o entra em campo nesta quarta-feira (31), \u00e0s 21h30, contra o Jequi\u00e9, pela sexta rodada do Baian\u00e3o.\u00a0<\/p>\n\n\n\n<p>Fonte: Bahia Not\u00edcias <\/p>\n","protected":false},"excerpt":{"rendered":"<p>O atacante hispano-brasileiro Diego Costa, que jogou a \u00faltima temporada pelo Botafogo, \u00e9 monitorado pelo Vit\u00f3ria, segundo apura\u00e7\u00e3o do\u00a0Bahia Not\u00edcias, nesta quarta-feira (31). Atualmente com 35 anos, Diego est\u00e1 livre no mercado ap\u00f3s o t\u00e9rmino do seu contrato com o Botafogo, no fim do ano passado. Ap\u00f3s ser campe\u00e3o da S\u00e9rie B em 2023, o [&hellip;]<\/p>\n","protected":false},"author":2,"featured_media":8044,"comment_status":"open","ping_status":"open","sticky":false,"template":"","format":"standard","meta":{"footnotes":""},"categories":[89],"tags":[],"class_list":["post-8043","post","type-post","status-publish","format-standard","has-post-thumbnail","hentry","category-esportes"],"_links":{"self":[{"href":"https:\/\/salvadoracontece.com.br\/index.php\/wp-json\/wp\/v2\/posts\/8043","targetHints":{"allow":["GET"]}}],"collection":[{"href":"https:\/\/salvadoracontece.com.br\/index.php\/wp-json\/wp\/v2\/posts"}],"about":[{"href":"https:\/\/salvadoracontece.com.br\/index.php\/wp-json\/wp\/v2\/types\/post"}],"author":[{"embeddable":true,"href":"https:\/\/salvadoracontece.com.br\/index.php\/wp-json\/wp\/v2\/users\/2"}],"replies":[{"embeddable":true,"href":"https:\/\/salvadoracontece.com.br\/index.php\/wp-json\/wp\/v2\/comments?post=8043"}],"version-history":[{"count":1,"href":"https:\/\/salvadoracontece.com.br\/index.php\/wp-json\/wp\/v2\/posts\/8043\/revisions"}],"predecessor-version":[{"id":8045,"href":"https:\/\/salvadoracontece.com.br\/index.php\/wp-json\/wp\/v2\/posts\/8043\/revisions\/8045"}],"wp:featuredmedia":[{"embeddable":true,"href":"https:\/\/salvadoracontece.com.br\/index.php\/wp-json\/wp\/v2\/media\/8044"}],"wp:attachment":[{"href":"https:\/\/salvadoracontece.com.br\/index.php\/wp-json\/wp\/v2\/media?parent=8043"}],"wp:term":[{"taxonomy":"category","embeddable":true,"href":"https:\/\/salvadoracontece.com.br\/index.php\/wp-json\/wp\/v2\/categories?post=8043"},{"taxonomy":"post_tag","embeddable":true,"href":"https:\/\/salvadoracontece.com.br\/index.php\/wp-json\/wp\/v2\/tags?post=8043"}],"curies":[{"name":"wp","href":"https:\/\/api.w.org\/{rel}","templated":true}]}}