{"id":8046,"date":"2024-01-31T14:53:18","date_gmt":"2024-01-31T17:53:18","guid":{"rendered":"https:\/\/salvadoracontece.com.br\/?p=8046"},"modified":"2024-01-31T14:53:19","modified_gmt":"2024-01-31T17:53:19","slug":"bruno-reis-nao-descarta-barrar-entrada-de-foliao-no-santo-antonio","status":"publish","type":"post","link":"https:\/\/salvadoracontece.com.br\/index.php\/2024\/01\/31\/bruno-reis-nao-descarta-barrar-entrada-de-foliao-no-santo-antonio\/","title":{"rendered":"Bruno Reis n\u00e3o descarta &#8216;barrar&#8217; entrada de foli\u00e3o no Santo Ant\u00f4nio"},"content":{"rendered":"\n<p>O prefeito de Salvador, Bruno Reis (Uni\u00e3o Brasil), n\u00e3o descartou limitar a entrada de foli\u00f5es durante o\u00a0Carnaval do Santo Ant\u00f4nio Al\u00e9m do Carmo,\u00a0que ter\u00e1 in\u00edcio j\u00e1 na quarta-feira, 1. Em conversa, o chefe do executivo soteropolitano salientou que a medida pode ser tomada durante o evento para &#8220;garantir a seguran\u00e7a&#8221; de quem est\u00e1 curtindo os festejos momesco na localidade. <\/p>\n\n\n\n<p>&#8220;Vamos ter as Barreiras de identifica\u00e7\u00e3o Facial e tamb\u00e9m de controle de acesso das pessoas, e pode ser que em determinado momento, para garantir a seguran\u00e7a, para evitar que tenha risco, tem alguma limita\u00e7\u00e3o da quantidade do p\u00fablico, das pessoas que estar\u00e3o presentes&#8221;, disse o prefeito.&nbsp;<\/p>\n\n\n\n<p>O Carnaval deste ano do bairro de Santo Ant\u00f4nio Al\u00e9m do Carmo passou por diversas modifica\u00e7\u00f5es. Entres as principais mudan\u00e7as est\u00e3o: a redu\u00e7\u00e3o de n\u00fameros de blocos desfilando, redu\u00e7\u00e3o na quantidade de dias, controle de acesso e amplia\u00e7\u00e3o de alguns servi\u00e7os da Prefeitura.<\/p>\n\n\n\n<p>&#8220;Surgiram uma s\u00e9rie de sugest\u00f5es por parte do Minist\u00e9rio P\u00fablico, e n\u00f3s negociamos com a associa\u00e7\u00e3o de moradores, negociamos com os blocos que se apresentam no Santo Ant\u00f4nio Al\u00e9m do Carmo, negociamos com todos os atores envolvidos, dentre os quais, a pol\u00edcia militar. Ent\u00e3o, definidos e predeterminados os hor\u00e1rios que ir\u00e3o ocorrer. \u00c9 no Santo Ant\u00f4nio e al\u00e9m do Carmo no Carnaval, mas tamb\u00e9m amplia\u00e7\u00e3o de uma s\u00e9rie de servi\u00e7os que a prefeitura j\u00e1 vinha oferecendo e que agora foram ampliados&#8221;, disse Bruno durante o lan\u00e7ament\u00e7ou dos servi\u00e7os municipais para o Carnaval 2024, na manh\u00e3 desta quarta.<\/p>\n\n\n\n<p>Fonte: A Tarde<\/p>\n","protected":false},"excerpt":{"rendered":"<p>O prefeito de Salvador, Bruno Reis (Uni\u00e3o Brasil), n\u00e3o descartou limitar a entrada de foli\u00f5es durante o\u00a0Carnaval do Santo Ant\u00f4nio Al\u00e9m do Carmo,\u00a0que ter\u00e1 in\u00edcio j\u00e1 na quarta-feira, 1. Em conversa, o chefe do executivo soteropolitano salientou que a medida pode ser tomada durante o evento para &#8220;garantir a seguran\u00e7a&#8221; de quem est\u00e1 curtindo os [&hellip;]<\/p>\n","protected":false},"author":2,"featured_media":8047,"comment_status":"open","ping_status":"open","sticky":false,"template":"","format":"standard","meta":{"footnotes":""},"categories":[91],"tags":[],"class_list":["post-8046","post","type-post","status-publish","format-standard","has-post-thumbnail","hentry","category-politica"],"_links":{"self":[{"href":"https:\/\/salvadoracontece.com.br\/index.php\/wp-json\/wp\/v2\/posts\/8046","targetHints":{"allow":["GET"]}}],"collection":[{"href":"https:\/\/salvadoracontece.com.br\/index.php\/wp-json\/wp\/v2\/posts"}],"about":[{"href":"https:\/\/salvadoracontece.com.br\/index.php\/wp-json\/wp\/v2\/types\/post"}],"author":[{"embeddable":true,"href":"https:\/\/salvadoracontece.com.br\/index.php\/wp-json\/wp\/v2\/users\/2"}],"replies":[{"embeddable":true,"href":"https:\/\/salvadoracontece.com.br\/index.php\/wp-json\/wp\/v2\/comments?post=8046"}],"version-history":[{"count":1,"href":"https:\/\/salvadoracontece.com.br\/index.php\/wp-json\/wp\/v2\/posts\/8046\/revisions"}],"predecessor-version":[{"id":8048,"href":"https:\/\/salvadoracontece.com.br\/index.php\/wp-json\/wp\/v2\/posts\/8046\/revisions\/8048"}],"wp:featuredmedia":[{"embeddable":true,"href":"https:\/\/salvadoracontece.com.br\/index.php\/wp-json\/wp\/v2\/media\/8047"}],"wp:attachment":[{"href":"https:\/\/salvadoracontece.com.br\/index.php\/wp-json\/wp\/v2\/media?parent=8046"}],"wp:term":[{"taxonomy":"category","embeddable":true,"href":"https:\/\/salvadoracontece.com.br\/index.php\/wp-json\/wp\/v2\/categories?post=8046"},{"taxonomy":"post_tag","embeddable":true,"href":"https:\/\/salvadoracontece.com.br\/index.php\/wp-json\/wp\/v2\/tags?post=8046"}],"curies":[{"name":"wp","href":"https:\/\/api.w.org\/{rel}","templated":true}]}}