{"id":8051,"date":"2024-01-31T16:08:44","date_gmt":"2024-01-31T19:08:44","guid":{"rendered":"https:\/\/salvadoracontece.com.br\/?p=8051"},"modified":"2024-01-31T16:08:46","modified_gmt":"2024-01-31T19:08:46","slug":"jeronimo-participa-de-posse-da-nova-presidencia-do-consorcio-nordeste","status":"publish","type":"post","link":"https:\/\/salvadoracontece.com.br\/index.php\/2024\/01\/31\/jeronimo-participa-de-posse-da-nova-presidencia-do-consorcio-nordeste\/","title":{"rendered":"Jer\u00f4nimo participa de posse da nova presid\u00eancia do Cons\u00f3rcio Nordeste"},"content":{"rendered":"\n<p>A governadora do Rio Grande do Norte, F\u00e1tima Bezerra, assumiu nesta quarta-feira, 31, a presid\u00eancia do Cons\u00f3rcio Nordeste, em Natal. Junto com os outros sete governadores e governadoras da regi\u00e3o, Jer\u00f4nimo Rodrigues prestigiou o ato de posse, realizado no Centro de Conven\u00e7\u00f5es Via Costeira Sen. Dinarte Medeiros Mariz. F\u00e1tima Bezerra recebeu o cargo das m\u00e3os do seu antecessor, Jo\u00e3o Azevedo, governador da Para\u00edba.<\/p>\n\n\n\n<p>\u201cAgrade\u00e7o por F\u00e1tima oferecer seu tempo, sua intelig\u00eancia, sua capacidade de articula\u00e7\u00e3o para nos dirigir neste pr\u00f3ximo ano de gest\u00e3o do Cons\u00f3rcio Nordeste e por proporcionar um ato de posse t\u00e3o amplo, para al\u00e9m de n\u00f3s governadores. Ela j\u00e1 trouxe um exemplo de como o cons\u00f3rcio coordena suas a\u00e7\u00f5es, que \u00e9 com articula\u00e7\u00e3o: prefeitos, empres\u00e1rios, a Justi\u00e7a, o parlamento, os movimentos sociais e, com isso, a gente aproveita sempre para reconceituar a pol\u00edtica\u201d, destacou Jer\u00f4nimo, ao parabenizar a nova presidenta.<\/p>\n\n\n\n<p>Al\u00e9m da posse de F\u00e1tima Bezerra, acontece tamb\u00e9m, nesta quarta-feira, a Assembleia Geral do Cons\u00f3rcio Nordeste que, entre outras pautas, discute a instala\u00e7\u00e3o do Comit\u00ea Cient\u00edfico de Emerg\u00eancias Clim\u00e1ticas, o Fundo Caatinga, e um monitoramento do Plano de Acelera\u00e7\u00e3o do Crescimento (PAC).<\/p>\n\n\n\n<p>Haver\u00e1 ainda uma reuni\u00e3o, com a participa\u00e7\u00e3o de gestores do Governo da Bahia, para a cria\u00e7\u00e3o de C\u00e2meras Tem\u00e1ticas de Seguran\u00e7a P\u00fablica e Educa\u00e7\u00e3o.<\/p>\n\n\n\n<p>Fonte: A Tarde <\/p>\n","protected":false},"excerpt":{"rendered":"<p>A governadora do Rio Grande do Norte, F\u00e1tima Bezerra, assumiu nesta quarta-feira, 31, a presid\u00eancia do Cons\u00f3rcio Nordeste, em Natal. Junto com os outros sete governadores e governadoras da regi\u00e3o, Jer\u00f4nimo Rodrigues prestigiou o ato de posse, realizado no Centro de Conven\u00e7\u00f5es Via Costeira Sen. Dinarte Medeiros Mariz. F\u00e1tima Bezerra recebeu o cargo das m\u00e3os [&hellip;]<\/p>\n","protected":false},"author":2,"featured_media":8052,"comment_status":"open","ping_status":"open","sticky":false,"template":"","format":"standard","meta":{"footnotes":""},"categories":[91],"tags":[],"class_list":["post-8051","post","type-post","status-publish","format-standard","has-post-thumbnail","hentry","category-politica"],"_links":{"self":[{"href":"https:\/\/salvadoracontece.com.br\/index.php\/wp-json\/wp\/v2\/posts\/8051","targetHints":{"allow":["GET"]}}],"collection":[{"href":"https:\/\/salvadoracontece.com.br\/index.php\/wp-json\/wp\/v2\/posts"}],"about":[{"href":"https:\/\/salvadoracontece.com.br\/index.php\/wp-json\/wp\/v2\/types\/post"}],"author":[{"embeddable":true,"href":"https:\/\/salvadoracontece.com.br\/index.php\/wp-json\/wp\/v2\/users\/2"}],"replies":[{"embeddable":true,"href":"https:\/\/salvadoracontece.com.br\/index.php\/wp-json\/wp\/v2\/comments?post=8051"}],"version-history":[{"count":1,"href":"https:\/\/salvadoracontece.com.br\/index.php\/wp-json\/wp\/v2\/posts\/8051\/revisions"}],"predecessor-version":[{"id":8053,"href":"https:\/\/salvadoracontece.com.br\/index.php\/wp-json\/wp\/v2\/posts\/8051\/revisions\/8053"}],"wp:featuredmedia":[{"embeddable":true,"href":"https:\/\/salvadoracontece.com.br\/index.php\/wp-json\/wp\/v2\/media\/8052"}],"wp:attachment":[{"href":"https:\/\/salvadoracontece.com.br\/index.php\/wp-json\/wp\/v2\/media?parent=8051"}],"wp:term":[{"taxonomy":"category","embeddable":true,"href":"https:\/\/salvadoracontece.com.br\/index.php\/wp-json\/wp\/v2\/categories?post=8051"},{"taxonomy":"post_tag","embeddable":true,"href":"https:\/\/salvadoracontece.com.br\/index.php\/wp-json\/wp\/v2\/tags?post=8051"}],"curies":[{"name":"wp","href":"https:\/\/api.w.org\/{rel}","templated":true}]}}