{"id":8054,"date":"2024-01-31T16:37:06","date_gmt":"2024-01-31T19:37:06","guid":{"rendered":"https:\/\/salvadoracontece.com.br\/?p=8054"},"modified":"2024-01-31T16:37:08","modified_gmt":"2024-01-31T19:37:08","slug":"bruno-reis-nega-que-carnaval-onere-cofre-da-prefeitura-gera-riqueza","status":"publish","type":"post","link":"https:\/\/salvadoracontece.com.br\/index.php\/2024\/01\/31\/bruno-reis-nega-que-carnaval-onere-cofre-da-prefeitura-gera-riqueza\/","title":{"rendered":"Bruno Reis nega que Carnaval onere cofre da Prefeitura: &#8220;gera riqueza&#8221;"},"content":{"rendered":"\n<p>Durante a apresenta\u00e7\u00e3o dos servi\u00e7os da Prefeitura de Salvador para o Carnaval, que aconteceu no Cine Glauber Rocha nesta quarta-feira, 31, Bruno Reis (Uni\u00e3o Brasil) negou que a folia represente &#8220;gastos&#8221;. &#8220;O que h\u00e1 \u00e9 investimento&#8221;, justificou em coletiva de imprensa.<\/p>\n\n\n\n<p>&#8220;O que n\u00f3s captamos de patroc\u00ednio, junto com o que n\u00f3s arrecadamos de taxas e de tributos nesse per\u00edodo, faz com que a Prefeitura praticamente n\u00e3o precise desembolsar novos recursos&#8221;, justificou.<\/p>\n\n\n\n<p>Bruno Reis disse que estima a gera\u00e7\u00e3o de aproximadamente 250 mil empregos, diretos e indiretos, al\u00e9m de 100% da ocupa\u00e7\u00e3o hoteleira, durante o per\u00edodo da folia. &#8220;Isso sem sombra de d\u00favidas gera riquezas e renda para as pessoas&#8221;, comentou.<\/p>\n\n\n\n<p>&#8220;O que possibilita tamb\u00e9m investimentos na \u00e1rea social, como constru\u00e7\u00e3o de escolas e hospitais&#8221;, concluiu.<\/p>\n\n\n\n<p>Fonte: A Tarde <\/p>\n","protected":false},"excerpt":{"rendered":"<p>Durante a apresenta\u00e7\u00e3o dos servi\u00e7os da Prefeitura de Salvador para o Carnaval, que aconteceu no Cine Glauber Rocha nesta quarta-feira, 31, Bruno Reis (Uni\u00e3o Brasil) negou que a folia represente &#8220;gastos&#8221;. &#8220;O que h\u00e1 \u00e9 investimento&#8221;, justificou em coletiva de imprensa. &#8220;O que n\u00f3s captamos de patroc\u00ednio, junto com o que n\u00f3s arrecadamos de taxas [&hellip;]<\/p>\n","protected":false},"author":2,"featured_media":8055,"comment_status":"open","ping_status":"open","sticky":false,"template":"","format":"standard","meta":{"footnotes":""},"categories":[91],"tags":[],"class_list":["post-8054","post","type-post","status-publish","format-standard","has-post-thumbnail","hentry","category-politica"],"_links":{"self":[{"href":"https:\/\/salvadoracontece.com.br\/index.php\/wp-json\/wp\/v2\/posts\/8054","targetHints":{"allow":["GET"]}}],"collection":[{"href":"https:\/\/salvadoracontece.com.br\/index.php\/wp-json\/wp\/v2\/posts"}],"about":[{"href":"https:\/\/salvadoracontece.com.br\/index.php\/wp-json\/wp\/v2\/types\/post"}],"author":[{"embeddable":true,"href":"https:\/\/salvadoracontece.com.br\/index.php\/wp-json\/wp\/v2\/users\/2"}],"replies":[{"embeddable":true,"href":"https:\/\/salvadoracontece.com.br\/index.php\/wp-json\/wp\/v2\/comments?post=8054"}],"version-history":[{"count":1,"href":"https:\/\/salvadoracontece.com.br\/index.php\/wp-json\/wp\/v2\/posts\/8054\/revisions"}],"predecessor-version":[{"id":8056,"href":"https:\/\/salvadoracontece.com.br\/index.php\/wp-json\/wp\/v2\/posts\/8054\/revisions\/8056"}],"wp:featuredmedia":[{"embeddable":true,"href":"https:\/\/salvadoracontece.com.br\/index.php\/wp-json\/wp\/v2\/media\/8055"}],"wp:attachment":[{"href":"https:\/\/salvadoracontece.com.br\/index.php\/wp-json\/wp\/v2\/media?parent=8054"}],"wp:term":[{"taxonomy":"category","embeddable":true,"href":"https:\/\/salvadoracontece.com.br\/index.php\/wp-json\/wp\/v2\/categories?post=8054"},{"taxonomy":"post_tag","embeddable":true,"href":"https:\/\/salvadoracontece.com.br\/index.php\/wp-json\/wp\/v2\/tags?post=8054"}],"curies":[{"name":"wp","href":"https:\/\/api.w.org\/{rel}","templated":true}]}}