{"id":8066,"date":"2024-02-01T10:51:31","date_gmt":"2024-02-01T13:51:31","guid":{"rendered":"https:\/\/salvadoracontece.com.br\/?p=8066"},"modified":"2024-02-01T10:51:35","modified_gmt":"2024-02-01T13:51:35","slug":"reporter-da-tv-bahia-acorda-ambulante-ao-vivo-e-web-critica-atitude","status":"publish","type":"post","link":"https:\/\/salvadoracontece.com.br\/index.php\/2024\/02\/01\/reporter-da-tv-bahia-acorda-ambulante-ao-vivo-e-web-critica-atitude\/","title":{"rendered":"Rep\u00f3rter da TV Bahia acorda ambulante ao vivo e web critica atitude"},"content":{"rendered":"\n<p>Enquanto cobria os preparativos dos ambulantes antes do Carnaval, a rep\u00f3rter Adriana Oliveira, da TV Bahia, deu o que falar nas redes sociais ao acordar uma ambulante que dormia em uma barraca para entrevist\u00e1-la ao vivo, nesta quarta-feira (31).&nbsp;<\/p>\n\n\n\n<p>\u201cEssa ambulante a gente v\u00ea que ela veio relativamente preparada para essa espera, tem aqui \u00e1gua, suco, e ela t\u00e1 aqui dormindo (\u2026) eu vou tentar acordar aqui\u2026 Ol\u00e1? Boa tarde\u201d, Comentou a jornalista, que estava na Ondina. Adriana ent\u00e3o cutucou a mulher que acordou com um susto.&nbsp;<\/p>\n\n\n\n<p>\u201cOi, desculpa te assustar, meu nome \u00e9 Adriana, a gente t\u00e1 ao vivo no jornal, desculpa te acordar\u201d, continuou a rep\u00f3rter, que persistiu e tentou acalmar a mulher at\u00e9 que ela respondesse. Nas redes sociais, Adriana recebeu in\u00fameras cr\u00edticas, j\u00e1 outras pessoas levaram a situa\u00e7\u00e3o em tom de brincadeira:&nbsp;<\/p>\n\n\n\n<p>\u201cA senhora foi muito educada pq eu j\u00e1 levantaria xingando kkkkkk\u201d, brincou um usu\u00e1rio da rede X, antigo Twitter. J\u00e1 outra comentou: \u201cE ela ainda pergunta se tem necessidade realmente dela ta aliiii?!?? MeuDeux [&#8230;] at\u00e9 agora tentando entender qual era o objetivo dela???\u201d<\/p>\n\n\n\n<p>Fonte: Varela Net <\/p>\n","protected":false},"excerpt":{"rendered":"<p>Enquanto cobria os preparativos dos ambulantes antes do Carnaval, a rep\u00f3rter Adriana Oliveira, da TV Bahia, deu o que falar nas redes sociais ao acordar uma ambulante que dormia em uma barraca para entrevist\u00e1-la ao vivo, nesta quarta-feira (31).&nbsp; \u201cEssa ambulante a gente v\u00ea que ela veio relativamente preparada para essa espera, tem aqui \u00e1gua, [&hellip;]<\/p>\n","protected":false},"author":2,"featured_media":8067,"comment_status":"open","ping_status":"open","sticky":false,"template":"","format":"standard","meta":{"footnotes":""},"categories":[85],"tags":[],"class_list":["post-8066","post","type-post","status-publish","format-standard","has-post-thumbnail","hentry","category-noticias"],"_links":{"self":[{"href":"https:\/\/salvadoracontece.com.br\/index.php\/wp-json\/wp\/v2\/posts\/8066","targetHints":{"allow":["GET"]}}],"collection":[{"href":"https:\/\/salvadoracontece.com.br\/index.php\/wp-json\/wp\/v2\/posts"}],"about":[{"href":"https:\/\/salvadoracontece.com.br\/index.php\/wp-json\/wp\/v2\/types\/post"}],"author":[{"embeddable":true,"href":"https:\/\/salvadoracontece.com.br\/index.php\/wp-json\/wp\/v2\/users\/2"}],"replies":[{"embeddable":true,"href":"https:\/\/salvadoracontece.com.br\/index.php\/wp-json\/wp\/v2\/comments?post=8066"}],"version-history":[{"count":1,"href":"https:\/\/salvadoracontece.com.br\/index.php\/wp-json\/wp\/v2\/posts\/8066\/revisions"}],"predecessor-version":[{"id":8068,"href":"https:\/\/salvadoracontece.com.br\/index.php\/wp-json\/wp\/v2\/posts\/8066\/revisions\/8068"}],"wp:featuredmedia":[{"embeddable":true,"href":"https:\/\/salvadoracontece.com.br\/index.php\/wp-json\/wp\/v2\/media\/8067"}],"wp:attachment":[{"href":"https:\/\/salvadoracontece.com.br\/index.php\/wp-json\/wp\/v2\/media?parent=8066"}],"wp:term":[{"taxonomy":"category","embeddable":true,"href":"https:\/\/salvadoracontece.com.br\/index.php\/wp-json\/wp\/v2\/categories?post=8066"},{"taxonomy":"post_tag","embeddable":true,"href":"https:\/\/salvadoracontece.com.br\/index.php\/wp-json\/wp\/v2\/tags?post=8066"}],"curies":[{"name":"wp","href":"https:\/\/api.w.org\/{rel}","templated":true}]}}