{"id":8070,"date":"2024-02-01T11:01:08","date_gmt":"2024-02-01T14:01:08","guid":{"rendered":"https:\/\/salvadoracontece.com.br\/?p=8070"},"modified":"2024-02-01T11:01:10","modified_gmt":"2024-02-01T14:01:10","slug":"laje-desaba-e-deixa-dois-operarios-feridos-no-bairro-da-graca","status":"publish","type":"post","link":"https:\/\/salvadoracontece.com.br\/index.php\/2024\/02\/01\/laje-desaba-e-deixa-dois-operarios-feridos-no-bairro-da-graca\/","title":{"rendered":"Laje desaba e deixa dois oper\u00e1rios feridos no bairro da Gra\u00e7a"},"content":{"rendered":"\n<p>Uma laje que estava sendo demolida acabou desabando na tarde desta quarta-feira (31) e deixou dois oper\u00e1rios soterrados no bairro da Gra\u00e7a, em Salvador. Segundo informa\u00e7\u00f5es do Corpo de Bombeiros, as v\u00edtimas foram resgastadas com vida e encaminhados para uma unidade de sa\u00fade.<\/p>\n\n\n\n<p>O acidente foi registrado em um pr\u00e9dio que j\u00e1 sediou a OAS, na Rua Humberto Campos, de acordo com a Defesa Civil de Salvador (Codesal), uma equipe do Corpo de Bombeiros e uma unidade do Servi\u00e7o de Atendimento M\u00f3vel de Urg\u00eancia (Samu) foram acionados.&nbsp;<\/p>\n\n\n\n<p>At\u00e9 o momento n\u00e3o h\u00e1 informa\u00e7\u00f5es sobre o estado de sa\u00fade das v\u00edtimas envolvidas no acidente. A \u00e1rea foi isolada pela Codesal para ser avaliada pela Secretaria Municipal de Desenvolvimento e Urbanismo (Sedur).<\/p>\n\n\n\n<p>Fonte: Varela Net <\/p>\n","protected":false},"excerpt":{"rendered":"<p>Uma laje que estava sendo demolida acabou desabando na tarde desta quarta-feira (31) e deixou dois oper\u00e1rios soterrados no bairro da Gra\u00e7a, em Salvador. Segundo informa\u00e7\u00f5es do Corpo de Bombeiros, as v\u00edtimas foram resgastadas com vida e encaminhados para uma unidade de sa\u00fade. O acidente foi registrado em um pr\u00e9dio que j\u00e1 sediou a OAS, [&hellip;]<\/p>\n","protected":false},"author":2,"featured_media":8071,"comment_status":"open","ping_status":"open","sticky":false,"template":"","format":"standard","meta":{"footnotes":""},"categories":[85],"tags":[],"class_list":["post-8070","post","type-post","status-publish","format-standard","has-post-thumbnail","hentry","category-noticias"],"_links":{"self":[{"href":"https:\/\/salvadoracontece.com.br\/index.php\/wp-json\/wp\/v2\/posts\/8070","targetHints":{"allow":["GET"]}}],"collection":[{"href":"https:\/\/salvadoracontece.com.br\/index.php\/wp-json\/wp\/v2\/posts"}],"about":[{"href":"https:\/\/salvadoracontece.com.br\/index.php\/wp-json\/wp\/v2\/types\/post"}],"author":[{"embeddable":true,"href":"https:\/\/salvadoracontece.com.br\/index.php\/wp-json\/wp\/v2\/users\/2"}],"replies":[{"embeddable":true,"href":"https:\/\/salvadoracontece.com.br\/index.php\/wp-json\/wp\/v2\/comments?post=8070"}],"version-history":[{"count":1,"href":"https:\/\/salvadoracontece.com.br\/index.php\/wp-json\/wp\/v2\/posts\/8070\/revisions"}],"predecessor-version":[{"id":8072,"href":"https:\/\/salvadoracontece.com.br\/index.php\/wp-json\/wp\/v2\/posts\/8070\/revisions\/8072"}],"wp:featuredmedia":[{"embeddable":true,"href":"https:\/\/salvadoracontece.com.br\/index.php\/wp-json\/wp\/v2\/media\/8071"}],"wp:attachment":[{"href":"https:\/\/salvadoracontece.com.br\/index.php\/wp-json\/wp\/v2\/media?parent=8070"}],"wp:term":[{"taxonomy":"category","embeddable":true,"href":"https:\/\/salvadoracontece.com.br\/index.php\/wp-json\/wp\/v2\/categories?post=8070"},{"taxonomy":"post_tag","embeddable":true,"href":"https:\/\/salvadoracontece.com.br\/index.php\/wp-json\/wp\/v2\/tags?post=8070"}],"curies":[{"name":"wp","href":"https:\/\/api.w.org\/{rel}","templated":true}]}}