{"id":8076,"date":"2024-02-01T11:32:56","date_gmt":"2024-02-01T14:32:56","guid":{"rendered":"https:\/\/salvadoracontece.com.br\/?p=8076"},"modified":"2024-02-01T11:32:58","modified_gmt":"2024-02-01T14:32:58","slug":"apos-bater-o-vitoria-tecnico-do-jequie-faz-contas-para-garantir-permanencia-e-buscar-vaga-na-semifinal","status":"publish","type":"post","link":"https:\/\/salvadoracontece.com.br\/index.php\/2024\/02\/01\/apos-bater-o-vitoria-tecnico-do-jequie-faz-contas-para-garantir-permanencia-e-buscar-vaga-na-semifinal\/","title":{"rendered":"Ap\u00f3s bater o Vit\u00f3ria, t\u00e9cnico do Jequi\u00e9 faz contas para garantir perman\u00eancia e buscar vaga na semifinal"},"content":{"rendered":"\n<p>O Jequi\u00e9 bateu o Vit\u00f3ria por 1 a 0, na noite desta quarta-feira (31), no Est\u00e1dio Waldomiro Borges, pela quinta rodada do Campeonato Baiano. Ap\u00f3s o apito final, o t\u00e9cnico Gabardo J\u00fanior fez as contas para garantir a perman\u00eancia na elite e vai tentar buscar a vaga na semifinal.<\/p>\n\n\n\n<p>&#8220;A gente conseguiu subir bem na tabela e agora manter os p\u00e9s no ch\u00e3o. Conseguimos atingir os nove pontos e agora \u00e9 buscar aquela pontua\u00e7\u00e3o matem\u00e1tica para n\u00e3o cair mais e buscar a classifica\u00e7\u00e3o para a semifinal que \u00e9 o objetivo do clube para sonhar com o t\u00edtulo. Mas \u00e9 ter p\u00e9 no ch\u00e3o com tranquilidade para a gente ter uma semana boa de descanso e ir para Feira de Santana buscar o resultado&#8221;, afirmou na entrevista coletiva. <\/p>\n\n\n\n<p>O Jequi\u00e9 alcan\u00e7ou nove pontos na tabela de classifica\u00e7\u00e3o e assumiu a terceira coloca\u00e7\u00e3o, atr\u00e1s do Vit\u00f3ria, que \u00e9 o vice-l\u00edder, por causa do saldo de gols. Derrotado mais cedo pelo Bahia, o Barcelona de Ilh\u00e9us deixou o G-4 estacionado nos sete pontos. Neste momento, a zona de rebaixamento \u00e9 aberta pelo Jacobina, que \u00e9 o nono com quatro. Na sexta rodada, o Jip\u00e3o encara o Bahia de Feira, na Arena Cajueiro, no domingo (4), \u00e0s 16h. Enquanto o Le\u00e3o s\u00f3 joga contra o Jacobina na pr\u00f3xima quarta (7), \u00e0s 19h15, no Est\u00e1dio Jos\u00e9 Rocha. <\/p>\n\n\n\n<p>Fonte: Bahia Not\u00edcias <\/p>\n","protected":false},"excerpt":{"rendered":"<p>O Jequi\u00e9 bateu o Vit\u00f3ria por 1 a 0, na noite desta quarta-feira (31), no Est\u00e1dio Waldomiro Borges, pela quinta rodada do Campeonato Baiano. Ap\u00f3s o apito final, o t\u00e9cnico Gabardo J\u00fanior fez as contas para garantir a perman\u00eancia na elite e vai tentar buscar a vaga na semifinal. &#8220;A gente conseguiu subir bem na [&hellip;]<\/p>\n","protected":false},"author":2,"featured_media":8077,"comment_status":"open","ping_status":"open","sticky":false,"template":"","format":"standard","meta":{"footnotes":""},"categories":[89],"tags":[],"class_list":["post-8076","post","type-post","status-publish","format-standard","has-post-thumbnail","hentry","category-esportes"],"_links":{"self":[{"href":"https:\/\/salvadoracontece.com.br\/index.php\/wp-json\/wp\/v2\/posts\/8076","targetHints":{"allow":["GET"]}}],"collection":[{"href":"https:\/\/salvadoracontece.com.br\/index.php\/wp-json\/wp\/v2\/posts"}],"about":[{"href":"https:\/\/salvadoracontece.com.br\/index.php\/wp-json\/wp\/v2\/types\/post"}],"author":[{"embeddable":true,"href":"https:\/\/salvadoracontece.com.br\/index.php\/wp-json\/wp\/v2\/users\/2"}],"replies":[{"embeddable":true,"href":"https:\/\/salvadoracontece.com.br\/index.php\/wp-json\/wp\/v2\/comments?post=8076"}],"version-history":[{"count":1,"href":"https:\/\/salvadoracontece.com.br\/index.php\/wp-json\/wp\/v2\/posts\/8076\/revisions"}],"predecessor-version":[{"id":8078,"href":"https:\/\/salvadoracontece.com.br\/index.php\/wp-json\/wp\/v2\/posts\/8076\/revisions\/8078"}],"wp:featuredmedia":[{"embeddable":true,"href":"https:\/\/salvadoracontece.com.br\/index.php\/wp-json\/wp\/v2\/media\/8077"}],"wp:attachment":[{"href":"https:\/\/salvadoracontece.com.br\/index.php\/wp-json\/wp\/v2\/media?parent=8076"}],"wp:term":[{"taxonomy":"category","embeddable":true,"href":"https:\/\/salvadoracontece.com.br\/index.php\/wp-json\/wp\/v2\/categories?post=8076"},{"taxonomy":"post_tag","embeddable":true,"href":"https:\/\/salvadoracontece.com.br\/index.php\/wp-json\/wp\/v2\/tags?post=8076"}],"curies":[{"name":"wp","href":"https:\/\/api.w.org\/{rel}","templated":true}]}}