{"id":8079,"date":"2024-02-01T11:51:45","date_gmt":"2024-02-01T14:51:45","guid":{"rendered":"https:\/\/salvadoracontece.com.br\/?p=8079"},"modified":"2024-02-01T11:51:47","modified_gmt":"2024-02-01T14:51:47","slug":"arbitragem-errou-dispara-leo-conde-sobre-lances-polemicos","status":"publish","type":"post","link":"https:\/\/salvadoracontece.com.br\/index.php\/2024\/02\/01\/arbitragem-errou-dispara-leo-conde-sobre-lances-polemicos\/","title":{"rendered":"&#8220;Arbitragem errou&#8221;, dispara L\u00e9o Cond\u00e9 sobre lances pol\u00eamicos"},"content":{"rendered":"\n<p>L\u00e9o Cond\u00e9 escalou um time quase todo com reservas para enfrentar o Jequi\u00e9 e\u00a0o Vit\u00f3ria perdeu por 1 a 0\u00a0na noite desta quarta-feira, 31, em partida da 5\u00aa rodada do Campeonato Baiano. O \u00fanico gol do jogo no Est\u00e1dio Waldomiro Borges foi marcado pelo volante Azevedo, ainda na primeira etapa, mas o que deixou o treinador na bronca foi a atua\u00e7\u00e3o da arbitragem. <\/p>\n\n\n\n<p>Em entrevista coletiva ap\u00f3s a partida, L\u00e9o Cond\u00e9 disparou contra a arbitragem e disse que chegou perto de ser expulso, algo que nunca aconteceu.<\/p>\n\n\n\n<p>\u201cInfelizmente, hoje, a nota triste foi da arbitragem. N\u00e3o \u00e9 transferir, n\u00e3o podemos tirar o m\u00e9rito do Jequi\u00e9, mas a arbitragem errou em dois lances capitais. Tenho certeza que o clube e a diretoria v\u00e3o se movimentar. O campeonato \u00e9 curto e n\u00e3o tem margem para erro nosso, nem da arbitragem\u201d, analisou Cond\u00e9.<\/p>\n\n\n\n<p>\u201cO \u00e1rbitro, ao longo da partida, picotou muito o jogo. Nos quatro primeiros jogos a gente tomou muita pancada. Hoje, com dez minutos, ele amarelou Camutanga e Zapata em faltas normais. Os crit\u00e9rios n\u00e3o t\u00eam sido os mesmos. Eu nunca fui expulso como treinador profissional, hoje eu passei perto de ser. Reclamei de forma respeitosa com ele, mas ele estava muito nervoso\u201d, complementou o treinador do Le\u00e3o.<\/p>\n\n\n\n<p>Depois de quatro rodadas escalando praticamente o mesmo time, Cond\u00e9 finalmente optou por fazer o rod\u00edzio no elenco e poupar a grande maioria dos titulares para a estreia na Copa do Nordeste, contra o Altos-PI.<\/p>\n\n\n\n<p>\u201c\u00c9 uma maratona grande que vamos ter em raz\u00e3o da tabela. Com certeza vamos tentar sempre mandar para campo a melhor equipe poss\u00edvel. Hoje era o momento de rodar a equipe, mas domingo a gente deve ir com for\u00e7a m\u00e1xima para o Piau\u00ed. Partida muito importante na estreia da Copa do Nordeste\u201d, afirmou o comandante.<\/p>\n\n\n\n<p>Cond\u00e9 ainda justificou a utiliza\u00e7\u00e3o de tr\u00eas zagueiros com a falta de meias dispon\u00edveis no elenco. Na vis\u00e3o do treinador, a derrota n\u00e3o aconteceu por conta da forma\u00e7\u00e3o.<\/p>\n\n\n\n<p>\u201cA gente j\u00e1 jogou assim, a gente treina. O Luan ainda est\u00e1 se condicionando, o Daniel Jr. ainda faltam alguns detalhes, ent\u00e3o ficamos sem meia ali. E tamb\u00e9m como Zapata est\u00e1 h\u00e1 muito tempo sem jogar, e ele j\u00e1 fez essa fun\u00e7\u00e3o de l\u00edbero, a gente fez essa op\u00e7\u00e3o. Mas n\u00e3o acho que perdemos por causa dos tr\u00eas zagueiros. O lance do p\u00eanalti e do gol a gente ainda estava com tr\u00eas zagueiros\u201d, concluiu.<\/p>\n\n\n\n<p>O Vit\u00f3ria agora retorna para Salvador e faz apenas um treino, na sexta-feira, 2, antes de viajar para Teresina, onde enfrenta o Altos-PI, pela 1\u00aa rodada da fase de grupos da Copa do Nordeste. O duelo est\u00e1 marcado para as 16h de domingo, 4, no Est\u00e1dio Lindolfo Monteiro.<\/p>\n\n\n\n<p>Fonte: A Tarde <\/p>\n","protected":false},"excerpt":{"rendered":"<p>L\u00e9o Cond\u00e9 escalou um time quase todo com reservas para enfrentar o Jequi\u00e9 e\u00a0o Vit\u00f3ria perdeu por 1 a 0\u00a0na noite desta quarta-feira, 31, em partida da 5\u00aa rodada do Campeonato Baiano. O \u00fanico gol do jogo no Est\u00e1dio Waldomiro Borges foi marcado pelo volante Azevedo, ainda na primeira etapa, mas o que deixou o [&hellip;]<\/p>\n","protected":false},"author":2,"featured_media":8080,"comment_status":"open","ping_status":"open","sticky":false,"template":"","format":"standard","meta":{"footnotes":""},"categories":[89],"tags":[],"class_list":["post-8079","post","type-post","status-publish","format-standard","has-post-thumbnail","hentry","category-esportes"],"_links":{"self":[{"href":"https:\/\/salvadoracontece.com.br\/index.php\/wp-json\/wp\/v2\/posts\/8079","targetHints":{"allow":["GET"]}}],"collection":[{"href":"https:\/\/salvadoracontece.com.br\/index.php\/wp-json\/wp\/v2\/posts"}],"about":[{"href":"https:\/\/salvadoracontece.com.br\/index.php\/wp-json\/wp\/v2\/types\/post"}],"author":[{"embeddable":true,"href":"https:\/\/salvadoracontece.com.br\/index.php\/wp-json\/wp\/v2\/users\/2"}],"replies":[{"embeddable":true,"href":"https:\/\/salvadoracontece.com.br\/index.php\/wp-json\/wp\/v2\/comments?post=8079"}],"version-history":[{"count":1,"href":"https:\/\/salvadoracontece.com.br\/index.php\/wp-json\/wp\/v2\/posts\/8079\/revisions"}],"predecessor-version":[{"id":8081,"href":"https:\/\/salvadoracontece.com.br\/index.php\/wp-json\/wp\/v2\/posts\/8079\/revisions\/8081"}],"wp:featuredmedia":[{"embeddable":true,"href":"https:\/\/salvadoracontece.com.br\/index.php\/wp-json\/wp\/v2\/media\/8080"}],"wp:attachment":[{"href":"https:\/\/salvadoracontece.com.br\/index.php\/wp-json\/wp\/v2\/media?parent=8079"}],"wp:term":[{"taxonomy":"category","embeddable":true,"href":"https:\/\/salvadoracontece.com.br\/index.php\/wp-json\/wp\/v2\/categories?post=8079"},{"taxonomy":"post_tag","embeddable":true,"href":"https:\/\/salvadoracontece.com.br\/index.php\/wp-json\/wp\/v2\/tags?post=8079"}],"curies":[{"name":"wp","href":"https:\/\/api.w.org\/{rel}","templated":true}]}}