{"id":8088,"date":"2024-02-01T14:40:16","date_gmt":"2024-02-01T17:40:16","guid":{"rendered":"https:\/\/salvadoracontece.com.br\/?p=8088"},"modified":"2024-02-01T14:40:18","modified_gmt":"2024-02-01T17:40:18","slug":"em-vistoria-mp-ba-pede-reparos-em-passarela-destinadas-a-ambulantes-no-circuito-da-barra","status":"publish","type":"post","link":"https:\/\/salvadoracontece.com.br\/index.php\/2024\/02\/01\/em-vistoria-mp-ba-pede-reparos-em-passarela-destinadas-a-ambulantes-no-circuito-da-barra\/","title":{"rendered":"Em vistoria, MP-BA pede reparos em passarela destinadas a ambulantes no circuito da Barra"},"content":{"rendered":"\n<p>As passarelas montadas para uso dos ambulantes durante o Carnaval de Salvador, instaladas na Barra, passaram por vistoria do Minist\u00e9rio P\u00fablico da Bahia (MP-BA) nesta quarta-feira (31). Na fiscaliza\u00e7\u00e3o, o MP-BA verificou a necessidade de reparos e corre\u00e7\u00f5es na estrutura.<\/p>\n\n\n\n<p>O MP-BA solicitou que o projeto de execu\u00e7\u00e3o das passarelas seja atualizado e apresentado com os elementos estruturais recalculados de acordo com o executado. Dentre as adequa\u00e7\u00f5es necess\u00e1rias apontadas pelo \u00f3rg\u00e3o est\u00e1 a necessidade de descer o n\u00edvel dos apoios das sapatas de concreto para um n\u00edvel de areia abaixo de 60 cm, de forma que a passarela n\u00e3o fique apoiada em cima de areia e sujeita a movimenta\u00e7\u00e3o.<\/p>\n\n\n\n<p>A inspe\u00e7\u00e3o foi realizada pela Coordena\u00e7\u00e3o do Carnaval 2024 e pela Central de Apoio T\u00e9cnico do MP (Ceat). A Ceat tamb\u00e9m apontou a necessidade de se realizar a ancoragem da estrutura na pr\u00f3pria conten\u00e7\u00e3o como refor\u00e7o para evitar o giro da estrutura.<\/p>\n\n\n\n<p>Ainda foi pontuada a import\u00e2ncia de revisar todos os pontos de apoio, adequando pe\u00e7as que n\u00e3o est\u00e3o em prumo e n\u00e3o est\u00e3o instaladas de forma central.&nbsp;<\/p>\n\n\n\n<p>De acordo com a coordenadora da Ceat, promotora de Justi\u00e7a Andrea Scaff, as orienta\u00e7\u00f5es t\u00e9cnicas para as corre\u00e7\u00f5es j\u00e1 foram passadas, em campo, para a empresa que presta o servi\u00e7o para a Prefeitura de Salvador. \u201cAs altera\u00e7\u00f5es foram acolhidas e a empresa se comprometeu a fazer as modifica\u00e7\u00f5es propostas\u201d, afirmou a promotora de Justi\u00e7a.&nbsp;<\/p>\n\n\n\n<p>Pela tarde, a Ceat e a coordena\u00e7\u00e3o do Carnaval 2024 se reuniram em teleconfer\u00eancia com o Corpo de Bombeiros, Semop e Conselho Regional de Engenharia e Arquitetura (Crea) para tratar do assunto. Ao longo da pr\u00f3xima semana e durante o Carnaval, ser\u00e3o realizadas novas vistorias nas passarelas para verificar as adequa\u00e7\u00f5es.<\/p>\n\n\n\n<p>Participaram da inspe\u00e7\u00e3o os promotores de Justi\u00e7a Andr\u00e9 Lavigne, Andr\u00e9a Scaff e Adalvo Dourado e dos arquitetos e engenheiros da Ceat, servidores Marina Campos, Alexandre Matos, Victor Souza, Wagner dos Anjos e S\u00edlvio Goes. Tamb\u00e9m participaram da visita t\u00e9cnica representantes do Minist\u00e9rio P\u00fablico do Trabalho (MPT), da Secretaria Municipal de Ordem P\u00fablica (Semop) e da Funda\u00e7\u00e3o Mario Leal Ferreira (FMLF).<\/p>\n\n\n\n<p>Fonte: Bahia Not\u00edcias <\/p>\n","protected":false},"excerpt":{"rendered":"<p>As passarelas montadas para uso dos ambulantes durante o Carnaval de Salvador, instaladas na Barra, passaram por vistoria do Minist\u00e9rio P\u00fablico da Bahia (MP-BA) nesta quarta-feira (31). Na fiscaliza\u00e7\u00e3o, o MP-BA verificou a necessidade de reparos e corre\u00e7\u00f5es na estrutura. O MP-BA solicitou que o projeto de execu\u00e7\u00e3o das passarelas seja atualizado e apresentado com [&hellip;]<\/p>\n","protected":false},"author":2,"featured_media":8089,"comment_status":"open","ping_status":"open","sticky":false,"template":"","format":"standard","meta":{"footnotes":""},"categories":[85],"tags":[],"class_list":["post-8088","post","type-post","status-publish","format-standard","has-post-thumbnail","hentry","category-noticias"],"_links":{"self":[{"href":"https:\/\/salvadoracontece.com.br\/index.php\/wp-json\/wp\/v2\/posts\/8088","targetHints":{"allow":["GET"]}}],"collection":[{"href":"https:\/\/salvadoracontece.com.br\/index.php\/wp-json\/wp\/v2\/posts"}],"about":[{"href":"https:\/\/salvadoracontece.com.br\/index.php\/wp-json\/wp\/v2\/types\/post"}],"author":[{"embeddable":true,"href":"https:\/\/salvadoracontece.com.br\/index.php\/wp-json\/wp\/v2\/users\/2"}],"replies":[{"embeddable":true,"href":"https:\/\/salvadoracontece.com.br\/index.php\/wp-json\/wp\/v2\/comments?post=8088"}],"version-history":[{"count":1,"href":"https:\/\/salvadoracontece.com.br\/index.php\/wp-json\/wp\/v2\/posts\/8088\/revisions"}],"predecessor-version":[{"id":8090,"href":"https:\/\/salvadoracontece.com.br\/index.php\/wp-json\/wp\/v2\/posts\/8088\/revisions\/8090"}],"wp:featuredmedia":[{"embeddable":true,"href":"https:\/\/salvadoracontece.com.br\/index.php\/wp-json\/wp\/v2\/media\/8089"}],"wp:attachment":[{"href":"https:\/\/salvadoracontece.com.br\/index.php\/wp-json\/wp\/v2\/media?parent=8088"}],"wp:term":[{"taxonomy":"category","embeddable":true,"href":"https:\/\/salvadoracontece.com.br\/index.php\/wp-json\/wp\/v2\/categories?post=8088"},{"taxonomy":"post_tag","embeddable":true,"href":"https:\/\/salvadoracontece.com.br\/index.php\/wp-json\/wp\/v2\/tags?post=8088"}],"curies":[{"name":"wp","href":"https:\/\/api.w.org\/{rel}","templated":true}]}}