{"id":8115,"date":"2024-02-05T14:45:30","date_gmt":"2024-02-05T17:45:30","guid":{"rendered":"https:\/\/salvadoracontece.com.br\/?p=8115"},"modified":"2024-02-05T14:45:32","modified_gmt":"2024-02-05T17:45:32","slug":"atletico-mg-anuncia-o-retorno-do-meia-bernard-apos-11-anos","status":"publish","type":"post","link":"https:\/\/salvadoracontece.com.br\/index.php\/2024\/02\/05\/atletico-mg-anuncia-o-retorno-do-meia-bernard-apos-11-anos\/","title":{"rendered":"Atl\u00e9tico-MG anuncia o retorno do meia Bernard ap\u00f3s 11 anos"},"content":{"rendered":"\n<p>O Atl\u00e9tico-MG anunciou nesta segunda-feira (5) o retorno do meio-campista Bernard. O jogador, de 31 anos, chegar\u00e1 ao Galo somente na janela de transfer\u00eancias do meio de 2024 com v\u00ednculo at\u00e9 dezembro de 2027. Ele pertence ao Panathinaikos, da Gr\u00e9cia, at\u00e9 o meio do ano. Ele assinou um pr\u00e9-contrato com o clube mineiro.<\/p>\n\n\n\n<p>&#8220;Al\u00f4, Massa do Galo. Eu falei que iria voltar e agora est\u00e1 confirmado. Daqui a pouco, estou chegando para vestir o Manto. Mal vejo a hora de reencontrar a Massa e jogar na Arena MRV&#8221;, afirmou o atleta em v\u00eddeo publicado pelo Galo.<\/p>\n\n\n\n<p>Bernard retorna ao Atl\u00e9tico-MG ap\u00f3s 11 anos. Formado nas categorias de base como atacante, ele chegou a ser emprestado no in\u00edcio de carreira ao Democrata e depois se firmou no Galo onde atuou entre 2011 e 2013, sendo campe\u00e3o da Libertadores no \u00faltimo ano. Ele foi negociado com o Shakhtar Donetsk, da Ucr\u00e2nia, onde jogou por cinco temporadas. Em 2018, o meia se transferiu para o Everton, da Inglaterra. Antes de chegar ao futebol grego, ele ficou um ano no Al Sharjah, dos Emirados \u00c1rabes Unidos.<\/p>\n\n\n\n<p>No \u00faltimo s\u00e1bado (3), o Atl\u00e9tico-MG perdeu o cl\u00e1ssico para o rival Cruzeiro por 2 a 0, em jogo disputado na Arena MRV, pela terceira rodada do estadual. Segundo colocado do Grupo B com tr\u00eas pontos, o Galo volta ao gramado na quinta (8), \u00e0s 21h, contra o Athletic Club, no Joaquim Portugal, pela quarta jornada.<\/p>\n\n\n\n<p>Fonte: Bahia Not\u00edcias <\/p>\n","protected":false},"excerpt":{"rendered":"<p>O Atl\u00e9tico-MG anunciou nesta segunda-feira (5) o retorno do meio-campista Bernard. O jogador, de 31 anos, chegar\u00e1 ao Galo somente na janela de transfer\u00eancias do meio de 2024 com v\u00ednculo at\u00e9 dezembro de 2027. Ele pertence ao Panathinaikos, da Gr\u00e9cia, at\u00e9 o meio do ano. Ele assinou um pr\u00e9-contrato com o clube mineiro. &#8220;Al\u00f4, Massa [&hellip;]<\/p>\n","protected":false},"author":2,"featured_media":8116,"comment_status":"open","ping_status":"open","sticky":false,"template":"","format":"standard","meta":{"footnotes":""},"categories":[89],"tags":[],"class_list":["post-8115","post","type-post","status-publish","format-standard","has-post-thumbnail","hentry","category-esportes"],"_links":{"self":[{"href":"https:\/\/salvadoracontece.com.br\/index.php\/wp-json\/wp\/v2\/posts\/8115","targetHints":{"allow":["GET"]}}],"collection":[{"href":"https:\/\/salvadoracontece.com.br\/index.php\/wp-json\/wp\/v2\/posts"}],"about":[{"href":"https:\/\/salvadoracontece.com.br\/index.php\/wp-json\/wp\/v2\/types\/post"}],"author":[{"embeddable":true,"href":"https:\/\/salvadoracontece.com.br\/index.php\/wp-json\/wp\/v2\/users\/2"}],"replies":[{"embeddable":true,"href":"https:\/\/salvadoracontece.com.br\/index.php\/wp-json\/wp\/v2\/comments?post=8115"}],"version-history":[{"count":1,"href":"https:\/\/salvadoracontece.com.br\/index.php\/wp-json\/wp\/v2\/posts\/8115\/revisions"}],"predecessor-version":[{"id":8117,"href":"https:\/\/salvadoracontece.com.br\/index.php\/wp-json\/wp\/v2\/posts\/8115\/revisions\/8117"}],"wp:featuredmedia":[{"embeddable":true,"href":"https:\/\/salvadoracontece.com.br\/index.php\/wp-json\/wp\/v2\/media\/8116"}],"wp:attachment":[{"href":"https:\/\/salvadoracontece.com.br\/index.php\/wp-json\/wp\/v2\/media?parent=8115"}],"wp:term":[{"taxonomy":"category","embeddable":true,"href":"https:\/\/salvadoracontece.com.br\/index.php\/wp-json\/wp\/v2\/categories?post=8115"},{"taxonomy":"post_tag","embeddable":true,"href":"https:\/\/salvadoracontece.com.br\/index.php\/wp-json\/wp\/v2\/tags?post=8115"}],"curies":[{"name":"wp","href":"https:\/\/api.w.org\/{rel}","templated":true}]}}