{"id":8121,"date":"2024-02-05T15:16:29","date_gmt":"2024-02-05T18:16:29","guid":{"rendered":"https:\/\/salvadoracontece.com.br\/?p=8121"},"modified":"2024-02-05T15:16:31","modified_gmt":"2024-02-05T18:16:31","slug":"jair-e-michele-bolsonaro-virao-a-bahia-em-marco-anuncia-joao-roma","status":"publish","type":"post","link":"https:\/\/salvadoracontece.com.br\/index.php\/2024\/02\/05\/jair-e-michele-bolsonaro-virao-a-bahia-em-marco-anuncia-joao-roma\/","title":{"rendered":"Jair e Michele Bolsonaro vir\u00e3o \u00e0 Bahia em mar\u00e7o, anuncia Jo\u00e3o Roma"},"content":{"rendered":"\n<p>O presidente do PL na Bahia, Jo\u00e3o Roma, anunciou na manh\u00e3 desta segunda-feira (5) que o ex-presidente da Rep\u00fablica, Jair Bolsonaro (PL), e a ex-primeira-dama, Michele Bolsonaro, estar\u00e3o na Bahia nos dias 8 e 9 de mar\u00e7o para atividades do PL Mulher &#8211; na oportunidade, a esposa do ex-presidente receber\u00e1 uma condecora\u00e7\u00e3o na Assembleia Legislativa da Bahia (AL-BA). A aprova\u00e7\u00e3o da Comenda 2 de Julho a Michelle gerou pol\u00eamica na Casa, em meados de dezembro do ano passado.<\/p>\n\n\n\n<p>&#8220;Temos a vinda da primeira-dama Michelle, que vem \u00e0 Bahia entre 8 e 9 de mar\u00e7o, e vai se reunir com l\u00edderes pol\u00edticos de toda a Bahia. E teremos tamb\u00e9m uma agenda paralela com o presidente Jair Bolsonaro&#8221;, disse Roma, em entrevista \u00e0 R\u00e1dio A Tarde FM. O dirigente partid\u00e1rio salienta que o PL empenhou-se para estruturar diret\u00f3rios municipais, buscando fortalecer a sigla na Bahia. <\/p>\n\n\n\n<p>&#8220;\u00c9 fundamental que possamos ter essas estrutura\u00e7\u00f5es e apresentar candidaturas a prefeito, vice e candidaturas a vereador pelos munic\u00edpios da Bahia. No Extremo Sul da Bahia o engajamento \u00e9 muito grande da popula\u00e7\u00e3o. Em Teixeira de Freitas, temos a pr\u00e9-candidatura do Tenente Coronel Fran\u00e7a. Assim como no oeste da Bahia, temos cidades que historicamente abra\u00e7aram muito a candidatura do presidente Jair Bolsonaro, bem como a minha a governador&#8221;, disse Roma explicando a estrat\u00e9gia que o PL deve adotar para ampliar sua capilaridade para al\u00e9m dos munic\u00edpios do Oeste e do Extremo Sul baianos.&nbsp;<\/p>\n\n\n\n<p>Nos munic\u00edpios onde n\u00e3o for poss\u00edvel lan\u00e7ar candidaturas a prefeito ou a vice, Roma destacou que o foco ser\u00e1 lan\u00e7ar chapas fortes para as c\u00e2maras de vereadores. O ex-ministro da Cidadania foi tamb\u00e9m questionado a respeito da alian\u00e7a em Salvador e respondeu que, at\u00e9 o final de mar\u00e7o, ser\u00e1 realizada uma reuni\u00e3o do partido cuja tend\u00eancia \u00e9 definir apoio \u00e0 reelei\u00e7\u00e3o do atual prefeito da capital Bruno Reis. Roma lembrou que houve uma reuni\u00e3o pr\u00e9via com o prefeito, quando o PL apresentou indica\u00e7\u00f5es para a ado\u00e7\u00e3o de medidas que impulsionem o setor produtivo.<\/p>\n\n\n\n<p>O ex-deputado federal explicou que o PL tem bandeiras claras que giram em torno da defesa de menos impostos e mais liberdade para o cidad\u00e3o. &#8220;Tudo isso d\u00e1 lastro para que o partido possa arregimentar novas lideran\u00e7as que queiram participar da vida pol\u00edtica de maneira mais efetiva&#8221;, salientou o presidente do PL na Bahia.<\/p>\n\n\n\n<p>E O PT?<\/p>\n\n\n\n<p>Ao comentar sobre o governo petista, tanto na Bahia quanto no Brasil, Roma disse que o que se observa \u00e9 uma sociedade cada vez mais oprimida por pol\u00edticas que t\u00eam deixado cada vez mais o cidad\u00e3o \u00e0 merc\u00ea do poder p\u00fablico. \u201cEm um recadastramento do Cadastro \u00danico, se retira mais de 1,7 milh\u00e3o de brasileiros do programa social, diferente do discurso de Lula, quando era candidato, de que iria ampliar o programa social&#8221;. Jo\u00e3o Roma vem criticando ainda que a gest\u00e3o do PT retirou os mecanismos de emancipa\u00e7\u00e3o social que foram desenvolvidos no Aux\u00edlio Brasil.<\/p>\n\n\n\n<p>Jo\u00e3o Roma tamb\u00e9m comentou a situa\u00e7\u00e3o da inseguran\u00e7a p\u00fablica na Bahia. &#8220;O que n\u00f3s sabemos \u00e9 que j\u00e1 h\u00e1 uma receita do que n\u00e3o fazer: o que o PT tem feito no Estado da Bahia que, al\u00e9m de estar caindo na economia e na educa\u00e7\u00e3o, mostra n\u00fameros da viol\u00eancia cada vez mais gritantes&#8221;, disse o presidente estadual do PL. Ele criticou propostas que s\u00e3o somente uma distra\u00e7\u00e3o a respeito do principal problema.<\/p>\n\n\n\n<p>&#8220;Proibir pistolas d\u00b4\u00e1gua n\u00e3o \u00e9 uma a\u00e7\u00e3o que possa vir a melhorar a estrutura de enfrentamento ao crime organizado, que \u00e9 o principal entrave do desenvolvimento em nosso estado. \u00c9 preciso fortalecer as institui\u00e7\u00f5es ao inv\u00e9s de ficar discutindo c\u00e2meras nas fardas. O lanche de um policial militar: ele \u00e9 deslocado para um evento e colocam l\u00e1 um lanche que n\u00e3o segura um cidad\u00e3o durante aquele per\u00edodo inteiro. Ent\u00e3o s\u00e3o v\u00e1rios temas. N\u00e3o pode ter uma tropa, pois s\u00e3o cidad\u00e3os que est\u00e3o ali na rua, que t\u00eam sua fam\u00edlia, para eles enfrentarem a criminalidade sem ter respaldo para trabalhar&#8221;, declarou Roma. <\/p>\n\n\n\n<p>Fonte: Bahia Not\u00edcias <\/p>\n","protected":false},"excerpt":{"rendered":"<p>O presidente do PL na Bahia, Jo\u00e3o Roma, anunciou na manh\u00e3 desta segunda-feira (5) que o ex-presidente da Rep\u00fablica, Jair Bolsonaro (PL), e a ex-primeira-dama, Michele Bolsonaro, estar\u00e3o na Bahia nos dias 8 e 9 de mar\u00e7o para atividades do PL Mulher &#8211; na oportunidade, a esposa do ex-presidente receber\u00e1 uma condecora\u00e7\u00e3o na Assembleia Legislativa [&hellip;]<\/p>\n","protected":false},"author":2,"featured_media":8122,"comment_status":"open","ping_status":"open","sticky":false,"template":"","format":"standard","meta":{"footnotes":""},"categories":[85],"tags":[],"class_list":["post-8121","post","type-post","status-publish","format-standard","has-post-thumbnail","hentry","category-noticias"],"_links":{"self":[{"href":"https:\/\/salvadoracontece.com.br\/index.php\/wp-json\/wp\/v2\/posts\/8121","targetHints":{"allow":["GET"]}}],"collection":[{"href":"https:\/\/salvadoracontece.com.br\/index.php\/wp-json\/wp\/v2\/posts"}],"about":[{"href":"https:\/\/salvadoracontece.com.br\/index.php\/wp-json\/wp\/v2\/types\/post"}],"author":[{"embeddable":true,"href":"https:\/\/salvadoracontece.com.br\/index.php\/wp-json\/wp\/v2\/users\/2"}],"replies":[{"embeddable":true,"href":"https:\/\/salvadoracontece.com.br\/index.php\/wp-json\/wp\/v2\/comments?post=8121"}],"version-history":[{"count":1,"href":"https:\/\/salvadoracontece.com.br\/index.php\/wp-json\/wp\/v2\/posts\/8121\/revisions"}],"predecessor-version":[{"id":8123,"href":"https:\/\/salvadoracontece.com.br\/index.php\/wp-json\/wp\/v2\/posts\/8121\/revisions\/8123"}],"wp:featuredmedia":[{"embeddable":true,"href":"https:\/\/salvadoracontece.com.br\/index.php\/wp-json\/wp\/v2\/media\/8122"}],"wp:attachment":[{"href":"https:\/\/salvadoracontece.com.br\/index.php\/wp-json\/wp\/v2\/media?parent=8121"}],"wp:term":[{"taxonomy":"category","embeddable":true,"href":"https:\/\/salvadoracontece.com.br\/index.php\/wp-json\/wp\/v2\/categories?post=8121"},{"taxonomy":"post_tag","embeddable":true,"href":"https:\/\/salvadoracontece.com.br\/index.php\/wp-json\/wp\/v2\/tags?post=8121"}],"curies":[{"name":"wp","href":"https:\/\/api.w.org\/{rel}","templated":true}]}}