{"id":8124,"date":"2024-02-05T15:23:06","date_gmt":"2024-02-05T18:23:06","guid":{"rendered":"https:\/\/salvadoracontece.com.br\/?p=8124"},"modified":"2024-02-05T15:23:07","modified_gmt":"2024-02-05T18:23:07","slug":"jornalistas-aquecem-para-o-carnaval-em-esquenta-no-furdunco","status":"publish","type":"post","link":"https:\/\/salvadoracontece.com.br\/index.php\/2024\/02\/05\/jornalistas-aquecem-para-o-carnaval-em-esquenta-no-furdunco\/","title":{"rendered":"Jornalistas aquecem para o carnaval em esquenta no Furdun\u00e7o"},"content":{"rendered":"\n<p>O esquenta \u201cFilhos da Pauta News\u201d mostrou que os jornalistas, realmente, souberam se divertir, como \u00e9 o lema da festa pr\u00e9-carnaval, no \u00faltimo domingo, 4, durante o Furdun\u00e7o, na Barra, em Salvador. Nesta edi\u00e7\u00e3o, os cerca de 250 foli\u00f5es presentes se animaram ao som dos cl\u00e1ssicos do carnaval baiano interpretados pelos cantores Renan Pinheiro, que tamb\u00e9m \u00e9 jornalista, e Thiago Pereira.<\/p>\n\n\n\n<p>O movimento nasceu em 2017, com objetivo de unir o momento de se divertir no carnaval com a valoriza\u00e7\u00e3o do trabalho realizado pelos profissionais de comunica\u00e7\u00e3o durante a folia. A festa \u00e9 organizada pelas jornalistas Marcela Souza, Jaqueline Bonate e Fernanda Gama.<\/p>\n\n\n\n<p>Os padrinhos da festa, que foram os jornalistas Vanderson Nascimento, da TV Bahia, e Silvana Oliveira, da R\u00e1dio Sociedade, destacaram a import\u00e2ncia de confraternizar com os colegas de profiss\u00e3o. &#8220;Estou muito feliz de ser padrinho dos Filhos da Pauta News, porque sou apaixonado pelo carnaval e por comunica\u00e7\u00e3o. \u00c9 poder celebrar com amigos que tamb\u00e9m v\u00e3o trabalhar e d\u00e3o duro durante a folia \u00e9 bom demais\u201d, ressalta Vanderson, apresentador do programa Bahia Meio Dia.<\/p>\n\n\n\n<p>A apresentadora do programa Conex\u00e3o Sociedade, Silvana, disse que \u201cpara todos os profissionais de comunica\u00e7\u00e3o atuantes durante o carnaval, a ideia de uma celebra\u00e7\u00e3o antes do in\u00edcio da festa \u00e9 incr\u00edvel. A gente brinca, se encontra com os amigos, recarrega e prepara as baterias para trabalhar na folia momesca\u201d.<\/p>\n\n\n\n<p>Idealizadora do \u201cFilhos da Pauta News, a jornalista Marcela Souza observa a relev\u00e2ncia do papel do jornalista para levar a informa\u00e7\u00e3o de qualidade. \u201cMuitos mais do que se reunir com amigos e colegas, \u00e9 o momento que temos para mostrar o qu\u00e3o \u00e9 valorosa nossa profiss\u00e3o. \u00c9 celebrar diferentes gera\u00e7\u00f5es do jornalismo baiano que fazem um trabalho com muita verdade e ajudam no combate \u00e0s Fake News buscando uma sociedade mais justa e igualit\u00e1ria para todos\u201d, analisa Marcela. A festa contou com open-bar de cerveja Itaipava Puro Malte, energ\u00e9tico, refrigerante e \u00e1gua, al\u00e9m do buffet de feijoada assinado pela Casa Di Rosa. Tamb\u00e9m houve customiza\u00e7\u00e3o de abad\u00e1s e penteados para os participantes.<\/p>\n\n\n\n<p>Na festa \u201cFilhos da Pauta News\u201d, os profissionais de comunica\u00e7\u00e3o puderam participar de um concurso de fantasia concorrendo a pr\u00eamios e com a presen\u00e7a de jurados, que foram os jornalistas L\u00e9o Sampaio (Pida\/TV Aratu), Tarsilla Alvarindo (TV Bahia) e Jolivaldo Freitas (Not\u00edcia Capital). O 1\u00ba lugar foi de Cl\u00e1udia Costa, seguido por Brenda Ramos e Jorge Luiz Santos.<\/p>\n\n\n\n<p>Fonte: Bahia Not\u00edcias <\/p>\n","protected":false},"excerpt":{"rendered":"<p>O esquenta \u201cFilhos da Pauta News\u201d mostrou que os jornalistas, realmente, souberam se divertir, como \u00e9 o lema da festa pr\u00e9-carnaval, no \u00faltimo domingo, 4, durante o Furdun\u00e7o, na Barra, em Salvador. Nesta edi\u00e7\u00e3o, os cerca de 250 foli\u00f5es presentes se animaram ao som dos cl\u00e1ssicos do carnaval baiano interpretados pelos cantores Renan Pinheiro, que [&hellip;]<\/p>\n","protected":false},"author":2,"featured_media":8125,"comment_status":"open","ping_status":"open","sticky":false,"template":"","format":"standard","meta":{"footnotes":""},"categories":[85],"tags":[],"class_list":["post-8124","post","type-post","status-publish","format-standard","has-post-thumbnail","hentry","category-noticias"],"_links":{"self":[{"href":"https:\/\/salvadoracontece.com.br\/index.php\/wp-json\/wp\/v2\/posts\/8124","targetHints":{"allow":["GET"]}}],"collection":[{"href":"https:\/\/salvadoracontece.com.br\/index.php\/wp-json\/wp\/v2\/posts"}],"about":[{"href":"https:\/\/salvadoracontece.com.br\/index.php\/wp-json\/wp\/v2\/types\/post"}],"author":[{"embeddable":true,"href":"https:\/\/salvadoracontece.com.br\/index.php\/wp-json\/wp\/v2\/users\/2"}],"replies":[{"embeddable":true,"href":"https:\/\/salvadoracontece.com.br\/index.php\/wp-json\/wp\/v2\/comments?post=8124"}],"version-history":[{"count":1,"href":"https:\/\/salvadoracontece.com.br\/index.php\/wp-json\/wp\/v2\/posts\/8124\/revisions"}],"predecessor-version":[{"id":8126,"href":"https:\/\/salvadoracontece.com.br\/index.php\/wp-json\/wp\/v2\/posts\/8124\/revisions\/8126"}],"wp:featuredmedia":[{"embeddable":true,"href":"https:\/\/salvadoracontece.com.br\/index.php\/wp-json\/wp\/v2\/media\/8125"}],"wp:attachment":[{"href":"https:\/\/salvadoracontece.com.br\/index.php\/wp-json\/wp\/v2\/media?parent=8124"}],"wp:term":[{"taxonomy":"category","embeddable":true,"href":"https:\/\/salvadoracontece.com.br\/index.php\/wp-json\/wp\/v2\/categories?post=8124"},{"taxonomy":"post_tag","embeddable":true,"href":"https:\/\/salvadoracontece.com.br\/index.php\/wp-json\/wp\/v2\/tags?post=8124"}],"curies":[{"name":"wp","href":"https:\/\/api.w.org\/{rel}","templated":true}]}}