{"id":8131,"date":"2024-02-05T15:44:57","date_gmt":"2024-02-05T18:44:57","guid":{"rendered":"https:\/\/salvadoracontece.com.br\/?p=8131"},"modified":"2024-02-05T15:44:59","modified_gmt":"2024-02-05T18:44:59","slug":"jovem-internado-realiza-colacao-de-grau-no-hospital-regional-de-juazeiro","status":"publish","type":"post","link":"https:\/\/salvadoracontece.com.br\/index.php\/2024\/02\/05\/jovem-internado-realiza-colacao-de-grau-no-hospital-regional-de-juazeiro\/","title":{"rendered":"Jovem internado realiza cola\u00e7\u00e3o de grau no Hospital Regional de Juazeiro"},"content":{"rendered":"\n<p>Emo\u00e7\u00e3o, esperan\u00e7a e palavras de gratid\u00e3o marcaram a cerim\u00f4nia de cola\u00e7\u00e3o de grau de Eberty Victor Lima, realizada na manh\u00e3 de sexta-feira (02), em plena Unidade de Alta Complexidade em Oncologia, do Hospital Regional de Juazeiro (Unacon\/HRJ) \u2013 complexo administrado pelas Obras Sociais Irm\u00e3 Dulce (OSID).<\/p>\n\n\n\n<p>O estudante de 28 anos \u00e9 paciente do HRJ e concluiu a gradua\u00e7\u00e3o em Engenharia El\u00e9trica, pela Faculdade de Tecnologia e Ci\u00eancia (UniFTC). Internado desde o m\u00eas de dezembro, Eberty n\u00e3o p\u00f4de comparecer \u00e0 cola\u00e7\u00e3o geral da turma, o que motivou a mobiliza\u00e7\u00e3o para que a cerim\u00f4nia acontecesse no complexo hospitalar em quest\u00e3o.<\/p>\n\n\n\n<p>A solenidade se concretizou a partir de uma a\u00e7\u00e3o conjunta entre os familiares de Eberty, as equipes do complexo hospitalar e a UniFTC. Diante da realiza\u00e7\u00e3o de um sonho em meio aos desafios, foi dif\u00edcil segurar as l\u00e1grimas, mas com a presen\u00e7a da fam\u00edlia, dos amigos e representantes da universidade, a alegria tomou conta durante a outorga de bacharel em Engenharia El\u00e9trica e a entrega do canudo ao mais novo engenheiro.<\/p>\n\n\n\n<p>Em seus agradecimentos, Eberty expressou seu sentimento de felicidade e gratid\u00e3o a todos que estiveram envolvidos nesse processo. \u201cA alegria \u00e9 tanta que n\u00e3o cabe em mim. \u00c9 fortalecedor viver um momento como esse. Estou muito grato \u00e0 minha fam\u00edlia por todo apoio, aos profissionais do hospital por me proporcionarem passar pela cerim\u00f4nia de cola\u00e7\u00e3o de grau aqui, e tamb\u00e9m \u00e0 faculdade por aceitar realizar esse procedimento nessas circunst\u00e2ncias. Estou muito feliz\u201d, contou o formando emocionado.<\/p>\n\n\n\n<p>Pondo em pr\u00e1tica o lema de Santa Dulce dos Pobres, Amar e Servir, a equipe do HRJ n\u00e3o mediu esfor\u00e7os para que a cerim\u00f4nia pudesse acontecer. Para a enfermeira Luana Mesquita, coordenadora da Unacon e integrante da comiss\u00e3o de humaniza\u00e7\u00e3o, a ocasi\u00e3o ficar\u00e1 na hist\u00f3ria da institui\u00e7\u00e3o. \u201cEsse momento ficar\u00e1 na mem\u00f3ria e no cora\u00e7\u00e3o de todos que testemunharam a cola\u00e7\u00e3o de grau do querido Eberty. Me sinto honrada em fazer parte da OSID, institui\u00e7\u00e3o que tanto se empenha para oferecer o melhor para os pacientes e demais pessoas assistidas pela entidade\u201d, relatou a enfermeira.<\/p>\n\n\n\n<p>Ciente da import\u00e2ncia do trabalho conjunto, o diretor da UniFTC, Andrei Mello, destacou como a experi\u00eancia foi exitosa: \u201cEssa parceria entre o hospital, a fam\u00edlia e nossa institui\u00e7\u00e3o, possibilitou a esse jovem concluir o t\u00e3o sonhado curso de engenharia el\u00e9trica. Para n\u00f3s foi uma grande alegria ver toda dedica\u00e7\u00e3o dos funcion\u00e1rios do hospital para esse momento t\u00e3o importante para o Eberty\u201d, contou o diretor.<\/p>\n\n\n\n<p>Fonte: Tribuna da Bahia <\/p>\n","protected":false},"excerpt":{"rendered":"<p>Emo\u00e7\u00e3o, esperan\u00e7a e palavras de gratid\u00e3o marcaram a cerim\u00f4nia de cola\u00e7\u00e3o de grau de Eberty Victor Lima, realizada na manh\u00e3 de sexta-feira (02), em plena Unidade de Alta Complexidade em Oncologia, do Hospital Regional de Juazeiro (Unacon\/HRJ) \u2013 complexo administrado pelas Obras Sociais Irm\u00e3 Dulce (OSID). O estudante de 28 anos \u00e9 paciente do HRJ [&hellip;]<\/p>\n","protected":false},"author":2,"featured_media":8132,"comment_status":"open","ping_status":"open","sticky":false,"template":"","format":"standard","meta":{"footnotes":""},"categories":[85],"tags":[],"class_list":["post-8131","post","type-post","status-publish","format-standard","has-post-thumbnail","hentry","category-noticias"],"_links":{"self":[{"href":"https:\/\/salvadoracontece.com.br\/index.php\/wp-json\/wp\/v2\/posts\/8131","targetHints":{"allow":["GET"]}}],"collection":[{"href":"https:\/\/salvadoracontece.com.br\/index.php\/wp-json\/wp\/v2\/posts"}],"about":[{"href":"https:\/\/salvadoracontece.com.br\/index.php\/wp-json\/wp\/v2\/types\/post"}],"author":[{"embeddable":true,"href":"https:\/\/salvadoracontece.com.br\/index.php\/wp-json\/wp\/v2\/users\/2"}],"replies":[{"embeddable":true,"href":"https:\/\/salvadoracontece.com.br\/index.php\/wp-json\/wp\/v2\/comments?post=8131"}],"version-history":[{"count":1,"href":"https:\/\/salvadoracontece.com.br\/index.php\/wp-json\/wp\/v2\/posts\/8131\/revisions"}],"predecessor-version":[{"id":8133,"href":"https:\/\/salvadoracontece.com.br\/index.php\/wp-json\/wp\/v2\/posts\/8131\/revisions\/8133"}],"wp:featuredmedia":[{"embeddable":true,"href":"https:\/\/salvadoracontece.com.br\/index.php\/wp-json\/wp\/v2\/media\/8132"}],"wp:attachment":[{"href":"https:\/\/salvadoracontece.com.br\/index.php\/wp-json\/wp\/v2\/media?parent=8131"}],"wp:term":[{"taxonomy":"category","embeddable":true,"href":"https:\/\/salvadoracontece.com.br\/index.php\/wp-json\/wp\/v2\/categories?post=8131"},{"taxonomy":"post_tag","embeddable":true,"href":"https:\/\/salvadoracontece.com.br\/index.php\/wp-json\/wp\/v2\/tags?post=8131"}],"curies":[{"name":"wp","href":"https:\/\/api.w.org\/{rel}","templated":true}]}}