{"id":8137,"date":"2024-02-05T16:17:10","date_gmt":"2024-02-05T19:17:10","guid":{"rendered":"https:\/\/salvadoracontece.com.br\/?p=8137"},"modified":"2024-02-05T16:17:12","modified_gmt":"2024-02-05T19:17:12","slug":"rui-costa-diz-que-mensagem-do-governo-ao-congresso-vai-priorizar-reforma-de-renda","status":"publish","type":"post","link":"https:\/\/salvadoracontece.com.br\/index.php\/2024\/02\/05\/rui-costa-diz-que-mensagem-do-governo-ao-congresso-vai-priorizar-reforma-de-renda\/","title":{"rendered":"Rui Costa diz que mensagem do governo ao Congresso vai priorizar reforma de renda"},"content":{"rendered":"\n<p>O ministro da Casa Civil, Rui Costa (PT), comentou nesta segunda-feira sobre a mensagem que o governo vai enviar ao Congresso Nacional no retorno aos trabalhos da Casa. Em entrevista \u00e0 jornalista Andr\u00e9ia Sadi, Rui afirmou que o governo vai tratar os temas do eixo de desenvolvimento, transi\u00e7\u00e3o ambiental e ecol\u00f3gica e priorizar\u00e1 a reforma de renda.&nbsp;<\/p>\n\n\n\n<p>&#8220;Presidente (Lula) quer priorizar a reforma de renda. Essa \u00e9 a segunda etapa. A primeira foi a reforma fiscal. Agora, vai ser a de renda&#8221;, disse ao blog de Andr\u00e9ia Sadi.<\/p>\n\n\n\n<p>O ministro indicou ainda as prioridades do governo ao presidente da C\u00e2mara, Arthur Lira, com quem teve um encontro na semana passada.&nbsp;<\/p>\n\n\n\n<p>A mensagem indicada por Rui deve chegar ainda nesta segunda, durante a volta dos trabalhos do Congresso. Neste ano, as atividades da Casa devem ser mais apertadas por conta das elei\u00e7\u00f5es municipais de 2024. Algumas pautas priorit\u00e1rias j\u00e1 foram definidas pelos presidentes da C\u00e2mara, Arthur Lira (PP-AL), e do Senado, Rodrigo Pacheco (PSD-MG).<\/p>\n\n\n\n<p>Lira e Pacheco j\u00e1 tinham indicado a aliados do governo, o desejo de dar foco \u00e0 discuss\u00e3o de propostas que regulamentam a reforma tribut\u00e1ria. A mat\u00e9ria que aborda a atualiza\u00e7\u00e3o dos tributos sobre a renda deve ser enviada pelo Planalto em mar\u00e7o.<\/p>\n\n\n\n<p>Segundo publica\u00e7\u00e3o do G1, o in\u00edcio do ano no Congresso deve ser marcado pela articula\u00e7\u00e3o para recompor R$ 5,6 bilh\u00f5es em emendas de comiss\u00e3o, vetados pelo presidente Luiz In\u00e1cio Lula da Silva (PT) no Or\u00e7amento de 2024.<\/p>\n\n\n\n<p>Fonte: Bahia Not\u00edcias <\/p>\n","protected":false},"excerpt":{"rendered":"<p>O ministro da Casa Civil, Rui Costa (PT), comentou nesta segunda-feira sobre a mensagem que o governo vai enviar ao Congresso Nacional no retorno aos trabalhos da Casa. Em entrevista \u00e0 jornalista Andr\u00e9ia Sadi, Rui afirmou que o governo vai tratar os temas do eixo de desenvolvimento, transi\u00e7\u00e3o ambiental e ecol\u00f3gica e priorizar\u00e1 a reforma [&hellip;]<\/p>\n","protected":false},"author":2,"featured_media":8138,"comment_status":"open","ping_status":"open","sticky":false,"template":"","format":"standard","meta":{"footnotes":""},"categories":[91],"tags":[],"class_list":["post-8137","post","type-post","status-publish","format-standard","has-post-thumbnail","hentry","category-politica"],"_links":{"self":[{"href":"https:\/\/salvadoracontece.com.br\/index.php\/wp-json\/wp\/v2\/posts\/8137","targetHints":{"allow":["GET"]}}],"collection":[{"href":"https:\/\/salvadoracontece.com.br\/index.php\/wp-json\/wp\/v2\/posts"}],"about":[{"href":"https:\/\/salvadoracontece.com.br\/index.php\/wp-json\/wp\/v2\/types\/post"}],"author":[{"embeddable":true,"href":"https:\/\/salvadoracontece.com.br\/index.php\/wp-json\/wp\/v2\/users\/2"}],"replies":[{"embeddable":true,"href":"https:\/\/salvadoracontece.com.br\/index.php\/wp-json\/wp\/v2\/comments?post=8137"}],"version-history":[{"count":1,"href":"https:\/\/salvadoracontece.com.br\/index.php\/wp-json\/wp\/v2\/posts\/8137\/revisions"}],"predecessor-version":[{"id":8139,"href":"https:\/\/salvadoracontece.com.br\/index.php\/wp-json\/wp\/v2\/posts\/8137\/revisions\/8139"}],"wp:featuredmedia":[{"embeddable":true,"href":"https:\/\/salvadoracontece.com.br\/index.php\/wp-json\/wp\/v2\/media\/8138"}],"wp:attachment":[{"href":"https:\/\/salvadoracontece.com.br\/index.php\/wp-json\/wp\/v2\/media?parent=8137"}],"wp:term":[{"taxonomy":"category","embeddable":true,"href":"https:\/\/salvadoracontece.com.br\/index.php\/wp-json\/wp\/v2\/categories?post=8137"},{"taxonomy":"post_tag","embeddable":true,"href":"https:\/\/salvadoracontece.com.br\/index.php\/wp-json\/wp\/v2\/tags?post=8137"}],"curies":[{"name":"wp","href":"https:\/\/api.w.org\/{rel}","templated":true}]}}