{"id":8165,"date":"2024-02-06T14:37:08","date_gmt":"2024-02-06T17:37:08","guid":{"rendered":"https:\/\/salvadoracontece.com.br\/?p=8165"},"modified":"2024-02-06T14:37:10","modified_gmt":"2024-02-06T17:37:10","slug":"homem-morre-apos-se-afogar-em-represa-no-extremo-sul-baiano","status":"publish","type":"post","link":"https:\/\/salvadoracontece.com.br\/index.php\/2024\/02\/06\/homem-morre-apos-se-afogar-em-represa-no-extremo-sul-baiano\/","title":{"rendered":"Homem morre ap\u00f3s se afogar em represa no Extremo Sul baiano"},"content":{"rendered":"\n<p>Um homem, de 51 anos, morreu ap\u00f3s se afogar em uma represa em\u00a0Medeiros Neto, no Extremo Sul baiano. Segundo a TV Santa Cruz, a v\u00edtima foi identificada como Marcos Welbert Dias Corr\u00eaa. O homem estava na fazenda de um cunhado, situada no distrito de Nova L\u00eddice, quando mergulhou no lago e n\u00e3o foi mais visto.<\/p>\n\n\n\n<p>Bombeiros conseguiram resgatar o homem, mas ele n\u00e3o apresentava sinais de vida. Ainda segundo informa\u00e7\u00f5es, Marcos Welbert era oriundo de Cariacica, no interior do Esp\u00edrito Santo. O fato ocorreu na tarde do \u00faltimo domingo (4).\u00a0 <\/p>\n\n\n\n<p>Fonte: Bahia Not\u00edcias <\/p>\n","protected":false},"excerpt":{"rendered":"<p>Um homem, de 51 anos, morreu ap\u00f3s se afogar em uma represa em\u00a0Medeiros Neto, no Extremo Sul baiano. Segundo a TV Santa Cruz, a v\u00edtima foi identificada como Marcos Welbert Dias Corr\u00eaa. O homem estava na fazenda de um cunhado, situada no distrito de Nova L\u00eddice, quando mergulhou no lago e n\u00e3o foi mais visto. [&hellip;]<\/p>\n","protected":false},"author":2,"featured_media":8166,"comment_status":"open","ping_status":"open","sticky":false,"template":"","format":"standard","meta":{"footnotes":""},"categories":[85],"tags":[],"class_list":["post-8165","post","type-post","status-publish","format-standard","has-post-thumbnail","hentry","category-noticias"],"_links":{"self":[{"href":"https:\/\/salvadoracontece.com.br\/index.php\/wp-json\/wp\/v2\/posts\/8165","targetHints":{"allow":["GET"]}}],"collection":[{"href":"https:\/\/salvadoracontece.com.br\/index.php\/wp-json\/wp\/v2\/posts"}],"about":[{"href":"https:\/\/salvadoracontece.com.br\/index.php\/wp-json\/wp\/v2\/types\/post"}],"author":[{"embeddable":true,"href":"https:\/\/salvadoracontece.com.br\/index.php\/wp-json\/wp\/v2\/users\/2"}],"replies":[{"embeddable":true,"href":"https:\/\/salvadoracontece.com.br\/index.php\/wp-json\/wp\/v2\/comments?post=8165"}],"version-history":[{"count":1,"href":"https:\/\/salvadoracontece.com.br\/index.php\/wp-json\/wp\/v2\/posts\/8165\/revisions"}],"predecessor-version":[{"id":8167,"href":"https:\/\/salvadoracontece.com.br\/index.php\/wp-json\/wp\/v2\/posts\/8165\/revisions\/8167"}],"wp:featuredmedia":[{"embeddable":true,"href":"https:\/\/salvadoracontece.com.br\/index.php\/wp-json\/wp\/v2\/media\/8166"}],"wp:attachment":[{"href":"https:\/\/salvadoracontece.com.br\/index.php\/wp-json\/wp\/v2\/media?parent=8165"}],"wp:term":[{"taxonomy":"category","embeddable":true,"href":"https:\/\/salvadoracontece.com.br\/index.php\/wp-json\/wp\/v2\/categories?post=8165"},{"taxonomy":"post_tag","embeddable":true,"href":"https:\/\/salvadoracontece.com.br\/index.php\/wp-json\/wp\/v2\/tags?post=8165"}],"curies":[{"name":"wp","href":"https:\/\/api.w.org\/{rel}","templated":true}]}}