{"id":8205,"date":"2024-02-15T10:11:57","date_gmt":"2024-02-15T13:11:57","guid":{"rendered":"https:\/\/salvadoracontece.com.br\/?p=8205"},"modified":"2024-02-15T10:11:59","modified_gmt":"2024-02-15T13:11:59","slug":"acidente-na-rotula-do-abacaxi-termina-em-morte","status":"publish","type":"post","link":"https:\/\/salvadoracontece.com.br\/index.php\/2024\/02\/15\/acidente-na-rotula-do-abacaxi-termina-em-morte\/","title":{"rendered":"Acidente na R\u00f3tula do Abacaxi termina em morte"},"content":{"rendered":"\n<p>Um acidente fatal aconteceu na regi\u00e3o da R\u00f3tula do Abacaxi, na manh\u00e3 desta quarta-feira (14). A v\u00edtima do incidente foi um homem, que conduzia uma moto.&nbsp;<\/p>\n\n\n\n<p>A Transalvador informou em nota que foi chamada por volta das 8h42. Ap\u00f3s a notifica\u00e7\u00e3o do acontecimento, uma equipe foi direcionada at\u00e9 o local para registrar a ocorr\u00eancia.&nbsp;<\/p>\n\n\n\n<p>O motociclista ainda chegou a ser atendido pelo Servi\u00e7o de Atendimento M\u00f3vel de Urg\u00eancia (SAMU), por\u00e9m, n\u00e3o resistiu aos ferimentos e veio a \u00f3bito. O Departamento de Pol\u00edcia T\u00e9cnica (DPT) realiza per\u00edcia para identificar os acontecimentos em torno do acidente fatal desta manh\u00e3.\u00a0<\/p>\n\n\n\n<p>Fonte: Varela Net <\/p>\n","protected":false},"excerpt":{"rendered":"<p>Um acidente fatal aconteceu na regi\u00e3o da R\u00f3tula do Abacaxi, na manh\u00e3 desta quarta-feira (14). A v\u00edtima do incidente foi um homem, que conduzia uma moto.&nbsp; A Transalvador informou em nota que foi chamada por volta das 8h42. Ap\u00f3s a notifica\u00e7\u00e3o do acontecimento, uma equipe foi direcionada at\u00e9 o local para registrar a ocorr\u00eancia.&nbsp; O [&hellip;]<\/p>\n","protected":false},"author":2,"featured_media":8206,"comment_status":"open","ping_status":"open","sticky":false,"template":"","format":"standard","meta":{"footnotes":""},"categories":[85],"tags":[],"class_list":["post-8205","post","type-post","status-publish","format-standard","has-post-thumbnail","hentry","category-noticias"],"_links":{"self":[{"href":"https:\/\/salvadoracontece.com.br\/index.php\/wp-json\/wp\/v2\/posts\/8205","targetHints":{"allow":["GET"]}}],"collection":[{"href":"https:\/\/salvadoracontece.com.br\/index.php\/wp-json\/wp\/v2\/posts"}],"about":[{"href":"https:\/\/salvadoracontece.com.br\/index.php\/wp-json\/wp\/v2\/types\/post"}],"author":[{"embeddable":true,"href":"https:\/\/salvadoracontece.com.br\/index.php\/wp-json\/wp\/v2\/users\/2"}],"replies":[{"embeddable":true,"href":"https:\/\/salvadoracontece.com.br\/index.php\/wp-json\/wp\/v2\/comments?post=8205"}],"version-history":[{"count":1,"href":"https:\/\/salvadoracontece.com.br\/index.php\/wp-json\/wp\/v2\/posts\/8205\/revisions"}],"predecessor-version":[{"id":8207,"href":"https:\/\/salvadoracontece.com.br\/index.php\/wp-json\/wp\/v2\/posts\/8205\/revisions\/8207"}],"wp:featuredmedia":[{"embeddable":true,"href":"https:\/\/salvadoracontece.com.br\/index.php\/wp-json\/wp\/v2\/media\/8206"}],"wp:attachment":[{"href":"https:\/\/salvadoracontece.com.br\/index.php\/wp-json\/wp\/v2\/media?parent=8205"}],"wp:term":[{"taxonomy":"category","embeddable":true,"href":"https:\/\/salvadoracontece.com.br\/index.php\/wp-json\/wp\/v2\/categories?post=8205"},{"taxonomy":"post_tag","embeddable":true,"href":"https:\/\/salvadoracontece.com.br\/index.php\/wp-json\/wp\/v2\/tags?post=8205"}],"curies":[{"name":"wp","href":"https:\/\/api.w.org\/{rel}","templated":true}]}}