{"id":8227,"date":"2024-02-15T11:25:18","date_gmt":"2024-02-15T14:25:18","guid":{"rendered":"https:\/\/salvadoracontece.com.br\/?p=8227"},"modified":"2024-02-15T11:25:20","modified_gmt":"2024-02-15T14:25:20","slug":"jequie-anuncia-a-contratacao-de-meio-campista-para-a-reta-final-da-primeira-fase-do-baianao","status":"publish","type":"post","link":"https:\/\/salvadoracontece.com.br\/index.php\/2024\/02\/15\/jequie-anuncia-a-contratacao-de-meio-campista-para-a-reta-final-da-primeira-fase-do-baianao\/","title":{"rendered":"Jequi\u00e9 anuncia a contrata\u00e7\u00e3o de meio-campista para a reta final da primeira fase do Baian\u00e3o"},"content":{"rendered":"\n<p>Na luta pela classifica\u00e7\u00e3o, o Jequi\u00e9 anunciou na noite desta quarta-feira (14), a contrata\u00e7\u00e3o do meio-campista Barrozo para a reta final da primeira fase do Campeonato Baiano. Aos 21 anos, o novo refor\u00e7o chega emprestado pelo Friburguense e j\u00e1 foi regularizado podendo estrear pelo Jip\u00e3o contra o Jacuipense, no pr\u00f3ximo s\u00e1bado (17).<\/p>\n\n\n\n<p>Barrozo \u00e9 cria das divis\u00f5es de base do Friburguense, clube onde tamb\u00e9m se profissionalizou e o \u00fanico da carreira. Na temporada passada, ele disputou 27 jogos, marcou 13 gols e deu oito assist\u00eancias entre compromissos da segunda e terceira divis\u00f5es do Campeonato Carioca e tamb\u00e9m da Copa Rio.<\/p>\n\n\n\n<p>O Jequi\u00e9 \u00e9 o quinto colocado na tabela de classifica\u00e7\u00e3o do Baiano com 10 pontos, mesma pontua\u00e7\u00e3o do Vit\u00f3ria, que \u00e9 o quarto completando o G-4, por causa do saldo de gols. O embate do Jip\u00e3o com o Jacuipense est\u00e1 marcado para come\u00e7ar \u00e0s 18h30, na Arena Valfred\u00e3o, pela s\u00e9tima rodada.<\/p>\n\n\n\n<p>Fonte: Bahia Not\u00edcias <\/p>\n","protected":false},"excerpt":{"rendered":"<p>Na luta pela classifica\u00e7\u00e3o, o Jequi\u00e9 anunciou na noite desta quarta-feira (14), a contrata\u00e7\u00e3o do meio-campista Barrozo para a reta final da primeira fase do Campeonato Baiano. Aos 21 anos, o novo refor\u00e7o chega emprestado pelo Friburguense e j\u00e1 foi regularizado podendo estrear pelo Jip\u00e3o contra o Jacuipense, no pr\u00f3ximo s\u00e1bado (17). Barrozo \u00e9 cria [&hellip;]<\/p>\n","protected":false},"author":2,"featured_media":8228,"comment_status":"open","ping_status":"open","sticky":false,"template":"","format":"standard","meta":{"footnotes":""},"categories":[89],"tags":[],"class_list":["post-8227","post","type-post","status-publish","format-standard","has-post-thumbnail","hentry","category-esportes"],"_links":{"self":[{"href":"https:\/\/salvadoracontece.com.br\/index.php\/wp-json\/wp\/v2\/posts\/8227","targetHints":{"allow":["GET"]}}],"collection":[{"href":"https:\/\/salvadoracontece.com.br\/index.php\/wp-json\/wp\/v2\/posts"}],"about":[{"href":"https:\/\/salvadoracontece.com.br\/index.php\/wp-json\/wp\/v2\/types\/post"}],"author":[{"embeddable":true,"href":"https:\/\/salvadoracontece.com.br\/index.php\/wp-json\/wp\/v2\/users\/2"}],"replies":[{"embeddable":true,"href":"https:\/\/salvadoracontece.com.br\/index.php\/wp-json\/wp\/v2\/comments?post=8227"}],"version-history":[{"count":1,"href":"https:\/\/salvadoracontece.com.br\/index.php\/wp-json\/wp\/v2\/posts\/8227\/revisions"}],"predecessor-version":[{"id":8229,"href":"https:\/\/salvadoracontece.com.br\/index.php\/wp-json\/wp\/v2\/posts\/8227\/revisions\/8229"}],"wp:featuredmedia":[{"embeddable":true,"href":"https:\/\/salvadoracontece.com.br\/index.php\/wp-json\/wp\/v2\/media\/8228"}],"wp:attachment":[{"href":"https:\/\/salvadoracontece.com.br\/index.php\/wp-json\/wp\/v2\/media?parent=8227"}],"wp:term":[{"taxonomy":"category","embeddable":true,"href":"https:\/\/salvadoracontece.com.br\/index.php\/wp-json\/wp\/v2\/categories?post=8227"},{"taxonomy":"post_tag","embeddable":true,"href":"https:\/\/salvadoracontece.com.br\/index.php\/wp-json\/wp\/v2\/tags?post=8227"}],"curies":[{"name":"wp","href":"https:\/\/api.w.org\/{rel}","templated":true}]}}