{"id":8230,"date":"2024-02-15T12:03:28","date_gmt":"2024-02-15T15:03:28","guid":{"rendered":"https:\/\/salvadoracontece.com.br\/?p=8230"},"modified":"2024-02-15T12:03:34","modified_gmt":"2024-02-15T15:03:34","slug":"com-estabilidade-em-dezembro-vendas-do-varejo-baiano-cresceram-48-em-2023","status":"publish","type":"post","link":"https:\/\/salvadoracontece.com.br\/index.php\/2024\/02\/15\/com-estabilidade-em-dezembro-vendas-do-varejo-baiano-cresceram-48-em-2023\/","title":{"rendered":"Com estabilidade em dezembro, vendas do varejo baiano cresceram 4,8% em 2023\u00a0"},"content":{"rendered":"\n<p>As vendas do varejo baiano registraram taxa de 0,2% em dezembro de 2023, mantendo estabilidade frente ao m\u00eas imediatamente anterior, na s\u00e9rie com ajuste sazonal. J\u00e1 o cen\u00e1rio nacional apresentou recuo de 1,3% no m\u00eas. Em rela\u00e7\u00e3o a igual m\u00eas do ano anterior, as vendas na Bahia expandiram 2,5%, sendo o d\u00e9cimo quarto m\u00eas consecutivo de crescimento. No Brasil, na mesma base de compara\u00e7\u00e3o, as vendas expandiram 1,3%. No acumulado do ano, as varia\u00e7\u00f5es tamb\u00e9m foram positivas: a Bahia acumulou crescimento de 4,8% nas vendas do varejo em 2023, enquanto em \u00e2mbito nacional a taxa ficou em 1,7%. Os dados s\u00e3o da Pesquisa Mensal de Com\u00e9rcio (PMC) do Instituto Brasileiro de Geografia e Estat\u00edstica (IBGE), com an\u00e1lise da Superintend\u00eancia de Estudos Econ\u00f4micos e Sociais da Bahia (SEI), autarquia vinculada \u00e0 Secretaria do Planejamento.<\/p>\n\n\n\n<p>Em dezembro, a estabilidade verificada nas vendas representa uma leve melhoria em rela\u00e7\u00e3o ao m\u00eas imediatamente anterior. J\u00e1 em rela\u00e7\u00e3o ao ano anterior, a expans\u00e3o nas vendas do varejo em dezembro revela que o setor segue influenciado por fatores positivos como<strong>&nbsp;<\/strong>juros mais baixos, mercado de trabalho mais forte, transfer\u00eancias governamentais, infla\u00e7\u00e3o controlada e melhora do n\u00edvel de endividamento.<\/p>\n\n\n\n<p>Por atividade, em dezembro de 2023, os dados do com\u00e9rcio varejista do estado baiano, quando comparados aos de dezembro de 2022, revelam que tr\u00eas dos oito segmentos que comp\u00f5em o indicador do volume de vendas registraram comportamento positivo. O crescimento nas vendas foi verificado nos segmentos de<em>&nbsp;Artigos farmac\u00eauticos, m\u00e9dicos, ortop\u00e9dicos, de perfumaria e cosm\u00e9ticos<\/em>&nbsp;(13,7%),<em>&nbsp;<wbr>Hipermercados, supermercados, produtos aliment\u00edcios, bebidas e fumo&nbsp;<\/em>(9,5%) e&nbsp;<em>Combust\u00edveis e lubrificantes&nbsp;<\/em>(0,1%).<em>&nbsp;<\/em>Os demais apresentaram comportamento negativo, s\u00e3o eles:<em>&nbsp;Tecidos, vestu\u00e1rio e cal\u00e7ados<\/em>&nbsp;(-4,3%),<em>&nbsp;M\u00f3veis e eletrodom\u00e9sticos&nbsp;<\/em>(-7,9%),&nbsp;<em>Outros artigos de uso pessoal e dom\u00e9stico<\/em>&nbsp;(-9,3%),&nbsp;<em>Equipamentos e materiais para escrit\u00f3rio, inform\u00e1tica e comunica\u00e7\u00e3o&nbsp;<\/em>(-9,7%) e&nbsp;<em>Livros, jornais, revistas e papelaria&nbsp;<\/em>(-32,7%). No que diz respeito aos subgrupos, verifica-se que as vendas de&nbsp;<em>Hipermercados e supermercados&nbsp;<\/em>cresceram 10,0%, enquanto&nbsp;<em>M\u00f3veis<\/em>&nbsp;e<em>&nbsp;Eletrodom\u00e9sticos<\/em>&nbsp;recuaram 11,1% e 3,8%, respectivamente.<\/p>\n\n\n\n<p>Na s\u00e9rie sem ajuste sazonal, os segmentos<em>&nbsp;<\/em>de&nbsp;<em>Hipermercados, supermercados, produtos aliment\u00edcios, bebidas e fumo&nbsp;<\/em>e<em>&nbsp;Artigos farmac\u00eauticos, m\u00e9dicos, ortop\u00e9dicos, de perfumaria e cosm\u00e9ticos&nbsp;<\/em>voltaram<em>&nbsp;<\/em>a exercer as maiores influ\u00eancias positivas para o setor. O comportamento do primeiro se justifica pelo aumento da massa salarial decorrente do aumento do emprego.<\/p>\n\n\n\n<p><em>Artigos farmac\u00eauticos, m\u00e9dicos, ortop\u00e9dicos, de perfumaria e cosm\u00e9ticos<\/em>&nbsp;foi o segundo com maior influ\u00eancia para as vendas no setor. O seu desempenho decorre da fraca base de compara\u00e7\u00e3o, uma vez que em igual m\u00eas do ano passado a taxa foi negativa: -6,8%. &nbsp;<\/p>\n\n\n\n<p>Por outro lado,<em>&nbsp;Outros artigos de uso pessoal e dom\u00e9stico&nbsp;<\/em>e<em>&nbsp;Tecidos, vestu\u00e1rio e cal\u00e7ados<\/em>&nbsp;influenciaram as vendas do setor negativamente.&nbsp;A primeira atividade, englobando diversos segmentos como lojas de departamento, \u00f3ticas, joalherias, artigos esportivos, brinquedos etc., que comercializam, principalmente, produtos de menor valor agregado teve o seu desempenho impactado pela crise&nbsp;cont\u00e1bil de grandes cadeias de lojas que ocasionaram perdas de receita e fechamento de estabelecimentos f\u00edsicos. Enquanto a segunda foi influenciada pelo comportamento dos pre\u00e7os do grupo&nbsp;<em>Vestu\u00e1rio&nbsp;<\/em>que registrou infla\u00e7\u00e3o em dezembro (0,30%), conforme os dados do IPCA de dezembro e tamb\u00e9m pelas compras no e-commerce.<\/p>\n\n\n\n<p><strong>COM\u00c9RCIO VAREJISTA AMPLIADO&nbsp;<\/strong><\/p>\n\n\n\n<p>O com\u00e9rcio varejista ampliado, denominado de&nbsp;<em>Atacado Selecionado e Outros<\/em>&nbsp;e que inclui o varejo restrito e mais as atividades de&nbsp;<em>Ve\u00edculos, motos, partes e pe\u00e7as,<\/em>&nbsp;<em>Material de constru\u00e7\u00e3o<\/em>&nbsp;e&nbsp;<em>Atacado especializado em produtos aliment\u00edcios, bebidas e fumo<\/em>, apresentou expans\u00e3o de 3,5% nas vendas, em rela\u00e7\u00e3o \u00e0 igual m\u00eas do ano anterior. No acumulado dos \u00faltimos 12 meses houve crescimento de 2,6%.<\/p>\n\n\n\n<p>O segmento&nbsp;<em>Ve\u00edculos, motos, partes e pe\u00e7as<\/em>&nbsp;registrou taxa positiva de 1,1% nas vendas em rela\u00e7\u00e3o \u00e0 igual m\u00eas do ano anterior. Nesse m\u00eas de dezembro, as vendas no segmento refletem o efeito base de compara\u00e7\u00e3o, uma vez que em igual m\u00eas do ano passado a vendas dessa atividade foram negativas em 27,0%. Para a an\u00e1lise dos \u00faltimos 12 meses a taxa foi negativa em 0,9%.<\/p>\n\n\n\n<p>Em rela\u00e7\u00e3o a&nbsp;<em>Material de constru\u00e7\u00e3o,<\/em>&nbsp;a expans\u00e3o nos neg\u00f3cios foi de 18,4% na compara\u00e7\u00e3o com o mesmo m\u00eas de 2022. Esse movimento \u00e9 atribu\u00eddo ao efeito base, pois em igual m\u00eas do ano passado a taxa foi negativa em 4,1%, ao arrefecimento dos pre\u00e7os dos produtos comercializados no ramo, gera\u00e7\u00e3o de emprego e eleva\u00e7\u00e3o real da massa salarial. Para o acumulado dos \u00faltimos 12 meses houve expans\u00e3o de 9,4%.<\/p>\n\n\n\n<p>Quanto ao segmento de\u00a0<em>Atacado especializado em produtos aliment\u00edcios, bebidas e fumo<\/em>\u00a0foi registrado expans\u00e3o de 10,1%. O crescimento verificado nas vendas nesse segmento tamb\u00e9m se deve ao efeito renda. Para o acumulado do ano a taxa foi negativa em 3,9%.<\/p>\n\n\n\n<p>Fonte: Tribuna da Bahia <\/p>\n","protected":false},"excerpt":{"rendered":"<p>As vendas do varejo baiano registraram taxa de 0,2% em dezembro de 2023, mantendo estabilidade frente ao m\u00eas imediatamente anterior, na s\u00e9rie com ajuste sazonal. J\u00e1 o cen\u00e1rio nacional apresentou recuo de 1,3% no m\u00eas. Em rela\u00e7\u00e3o a igual m\u00eas do ano anterior, as vendas na Bahia expandiram 2,5%, sendo o d\u00e9cimo quarto m\u00eas consecutivo [&hellip;]<\/p>\n","protected":false},"author":2,"featured_media":8231,"comment_status":"open","ping_status":"open","sticky":false,"template":"","format":"standard","meta":{"footnotes":""},"categories":[92,85],"tags":[],"class_list":["post-8230","post","type-post","status-publish","format-standard","has-post-thumbnail","hentry","category-economia","category-noticias"],"_links":{"self":[{"href":"https:\/\/salvadoracontece.com.br\/index.php\/wp-json\/wp\/v2\/posts\/8230","targetHints":{"allow":["GET"]}}],"collection":[{"href":"https:\/\/salvadoracontece.com.br\/index.php\/wp-json\/wp\/v2\/posts"}],"about":[{"href":"https:\/\/salvadoracontece.com.br\/index.php\/wp-json\/wp\/v2\/types\/post"}],"author":[{"embeddable":true,"href":"https:\/\/salvadoracontece.com.br\/index.php\/wp-json\/wp\/v2\/users\/2"}],"replies":[{"embeddable":true,"href":"https:\/\/salvadoracontece.com.br\/index.php\/wp-json\/wp\/v2\/comments?post=8230"}],"version-history":[{"count":1,"href":"https:\/\/salvadoracontece.com.br\/index.php\/wp-json\/wp\/v2\/posts\/8230\/revisions"}],"predecessor-version":[{"id":8232,"href":"https:\/\/salvadoracontece.com.br\/index.php\/wp-json\/wp\/v2\/posts\/8230\/revisions\/8232"}],"wp:featuredmedia":[{"embeddable":true,"href":"https:\/\/salvadoracontece.com.br\/index.php\/wp-json\/wp\/v2\/media\/8231"}],"wp:attachment":[{"href":"https:\/\/salvadoracontece.com.br\/index.php\/wp-json\/wp\/v2\/media?parent=8230"}],"wp:term":[{"taxonomy":"category","embeddable":true,"href":"https:\/\/salvadoracontece.com.br\/index.php\/wp-json\/wp\/v2\/categories?post=8230"},{"taxonomy":"post_tag","embeddable":true,"href":"https:\/\/salvadoracontece.com.br\/index.php\/wp-json\/wp\/v2\/tags?post=8230"}],"curies":[{"name":"wp","href":"https:\/\/api.w.org\/{rel}","templated":true}]}}