{"id":8233,"date":"2024-02-15T12:23:16","date_gmt":"2024-02-15T15:23:16","guid":{"rendered":"https:\/\/salvadoracontece.com.br\/?p=8233"},"modified":"2024-02-15T12:23:17","modified_gmt":"2024-02-15T15:23:17","slug":"traficante-que-havia-fugido-de-unidade-no-carnaval-e-preso-novamente","status":"publish","type":"post","link":"https:\/\/salvadoracontece.com.br\/index.php\/2024\/02\/15\/traficante-que-havia-fugido-de-unidade-no-carnaval-e-preso-novamente\/","title":{"rendered":"Traficante que havia fugido de unidade no carnaval \u00e9 preso novamente"},"content":{"rendered":"\n<p>O criminoso foragido de um posto policial no Carnaval de Salvador se apresentou na Coordena\u00e7\u00e3o de Pol\u00edcia Interestadual (Polinter), junto a seu advogado, na tarde desta quarta-feira (14). Equipes da Pol\u00edcia Civil, por meio dos departamentos Especializado de Investiga\u00e7\u00e3o e Repress\u00e3o ao Narcotr\u00e1fico (Denarc), Especializado de Investiga\u00e7\u00f5es Criminais (Deic) e da Coordena\u00e7\u00e3o de Opera\u00e7\u00f5es e Recursos Especiais (Core) realizaram a\u00e7\u00f5es para a recaptura do homem que \u00e9 um dos l\u00edderes de uma organiza\u00e7\u00e3o criminosa com atua\u00e7\u00e3o em tr\u00e1fico de drogas e homic\u00eddios.&nbsp;<\/p>\n\n\n\n<p>As a\u00e7\u00f5es tiveram o apoio do Comit\u00ea Integrado de Intelig\u00eancia e An\u00e1lise (CIIA), que promoveu, 24 horas por dia durante a folia, a integra\u00e7\u00e3o entre as ag\u00eancias de intelig\u00eancia das diferentes for\u00e7as de seguran\u00e7a.<\/p>\n\n\n\n<p>No \u00faltimo domingo (11), integrantes do CIIA acionaram patrulhas da Pol\u00edcia Militar a respeito da presen\u00e7a do criminoso na folia. As guarni\u00e7\u00f5es realizaram a pris\u00e3o do homem e o levaram para a Central de Flagrantes, onde foi cumprido o mandado por homic\u00eddio. O suspeito, entretanto, fugiu horas depois. Desde que tomou conhecimento da fuga, a Pol\u00edcia Civil intensificou as buscas pelo criminoso. Ele passar\u00e1 por exames de les\u00f5es corporais e ser\u00e1 encaminhado para o sistema prisional.<\/p>\n\n\n\n<p>Fonte: Tribuna da Bahia <\/p>\n","protected":false},"excerpt":{"rendered":"<p>O criminoso foragido de um posto policial no Carnaval de Salvador se apresentou na Coordena\u00e7\u00e3o de Pol\u00edcia Interestadual (Polinter), junto a seu advogado, na tarde desta quarta-feira (14). Equipes da Pol\u00edcia Civil, por meio dos departamentos Especializado de Investiga\u00e7\u00e3o e Repress\u00e3o ao Narcotr\u00e1fico (Denarc), Especializado de Investiga\u00e7\u00f5es Criminais (Deic) e da Coordena\u00e7\u00e3o de Opera\u00e7\u00f5es e [&hellip;]<\/p>\n","protected":false},"author":2,"featured_media":8234,"comment_status":"open","ping_status":"open","sticky":false,"template":"","format":"standard","meta":{"footnotes":""},"categories":[85],"tags":[],"class_list":["post-8233","post","type-post","status-publish","format-standard","has-post-thumbnail","hentry","category-noticias"],"_links":{"self":[{"href":"https:\/\/salvadoracontece.com.br\/index.php\/wp-json\/wp\/v2\/posts\/8233","targetHints":{"allow":["GET"]}}],"collection":[{"href":"https:\/\/salvadoracontece.com.br\/index.php\/wp-json\/wp\/v2\/posts"}],"about":[{"href":"https:\/\/salvadoracontece.com.br\/index.php\/wp-json\/wp\/v2\/types\/post"}],"author":[{"embeddable":true,"href":"https:\/\/salvadoracontece.com.br\/index.php\/wp-json\/wp\/v2\/users\/2"}],"replies":[{"embeddable":true,"href":"https:\/\/salvadoracontece.com.br\/index.php\/wp-json\/wp\/v2\/comments?post=8233"}],"version-history":[{"count":1,"href":"https:\/\/salvadoracontece.com.br\/index.php\/wp-json\/wp\/v2\/posts\/8233\/revisions"}],"predecessor-version":[{"id":8235,"href":"https:\/\/salvadoracontece.com.br\/index.php\/wp-json\/wp\/v2\/posts\/8233\/revisions\/8235"}],"wp:featuredmedia":[{"embeddable":true,"href":"https:\/\/salvadoracontece.com.br\/index.php\/wp-json\/wp\/v2\/media\/8234"}],"wp:attachment":[{"href":"https:\/\/salvadoracontece.com.br\/index.php\/wp-json\/wp\/v2\/media?parent=8233"}],"wp:term":[{"taxonomy":"category","embeddable":true,"href":"https:\/\/salvadoracontece.com.br\/index.php\/wp-json\/wp\/v2\/categories?post=8233"},{"taxonomy":"post_tag","embeddable":true,"href":"https:\/\/salvadoracontece.com.br\/index.php\/wp-json\/wp\/v2\/tags?post=8233"}],"curies":[{"name":"wp","href":"https:\/\/api.w.org\/{rel}","templated":true}]}}