{"id":8236,"date":"2024-02-15T12:44:03","date_gmt":"2024-02-15T15:44:03","guid":{"rendered":"https:\/\/salvadoracontece.com.br\/?p=8236"},"modified":"2024-02-15T12:44:05","modified_gmt":"2024-02-15T15:44:05","slug":"caixa-libera-abono-do-pis-pasep-para-nascidos-em-janeiro","status":"publish","type":"post","link":"https:\/\/salvadoracontece.com.br\/index.php\/2024\/02\/15\/caixa-libera-abono-do-pis-pasep-para-nascidos-em-janeiro\/","title":{"rendered":"Caixa libera abono do PIS\/Pasep para nascidos em janeiro"},"content":{"rendered":"\n<p>Cerca de 1,7 milh\u00e3o de trabalhadores com carteira assinada nascidos em janeiro podem sacar, a partir desta quinta-feira (15), o valor do abono salarial do Programa de Integra\u00e7\u00e3o Social (PIS) e do Programa de Forma\u00e7\u00e3o do Patrim\u00f4nio do Servidor P\u00fablico (Pasep) em 2024. A quantia est\u00e1 dispon\u00edvel no aplicativo da Carteira de Trabalho Digital e no Portal Gov.br.<\/p>\n\n\n\n<p>Ao todo, a Caixa Econ\u00f4mica Federal liberar\u00e1 R$ 1,9 bilh\u00e3o neste m\u00eas. Aprovado no fim do ano passado, o calend\u00e1rio de libera\u00e7\u00f5es segue o m\u00eas de nascimento do trabalhador, no caso do PIS, ou o n\u00famero final de inscri\u00e7\u00e3o do Pasep.&nbsp;Os&nbsp;<a href=\"https:\/\/agenciabrasil.ebc.com.br\/economia\/noticia\/2023-12\/pispasep-2024-comeca-ser-pago-em-15-de-fevereiro\" target=\"_blank\" rel=\"noreferrer noopener\">pagamentos<\/a>&nbsp;ocorrem de 15 de fevereiro a 15 de agosto.<\/p>\n\n\n\n<p>Neste ano, R$ 22,6 bilh\u00f5es poder\u00e3o ser sacados. Segundo o Conselho Deliberativo do Fundo de Amparo ao Trabalhador (Codefat), o abono salarial de 2024 ser\u00e1 pago a 24,67 milh\u00f5es de trabalhadores em todo o pa\u00eds. Desse total, 21,95 milh\u00f5es que trabalham na iniciativa privada receber\u00e3o R$ 19,8 bilh\u00f5es do PIS e 2,72 milh\u00f5es de servidores p\u00fablicos, empregados de estatais e militares t\u00eam direito a R$ 2,7 bilh\u00f5es do Pasep.<\/p>\n\n\n\n<p>O PIS \u00e9 pago pela Caixa Econ\u00f4mica Federal; e o Pasep, pelo Banco do Brasil. Como ocorre tradicionalmente, os pagamentos ser\u00e3o divididos em seis lotes, baseados no m\u00eas de nascimento, no caso do PIS, e no n\u00famero final de inscri\u00e7\u00e3o, no caso do Pasep. O saque iniciar\u00e1 nas datas de libera\u00e7\u00e3o dos lotes e acabar\u00e3o em 27 de dezembro de 2024. Ap\u00f3s esse prazo, ser\u00e1 necess\u00e1rio aguardar convoca\u00e7\u00e3o especial do Minist\u00e9rio do Trabalho e Previd\u00eancia.<\/p>\n\n\n\n<p>Fonte: Tribuna da Bahia <\/p>\n","protected":false},"excerpt":{"rendered":"<p>Cerca de 1,7 milh\u00e3o de trabalhadores com carteira assinada nascidos em janeiro podem sacar, a partir desta quinta-feira (15), o valor do abono salarial do Programa de Integra\u00e7\u00e3o Social (PIS) e do Programa de Forma\u00e7\u00e3o do Patrim\u00f4nio do Servidor P\u00fablico (Pasep) em 2024. A quantia est\u00e1 dispon\u00edvel no aplicativo da Carteira de Trabalho Digital e [&hellip;]<\/p>\n","protected":false},"author":2,"featured_media":8237,"comment_status":"open","ping_status":"open","sticky":false,"template":"","format":"standard","meta":{"footnotes":""},"categories":[92],"tags":[],"class_list":["post-8236","post","type-post","status-publish","format-standard","has-post-thumbnail","hentry","category-economia"],"_links":{"self":[{"href":"https:\/\/salvadoracontece.com.br\/index.php\/wp-json\/wp\/v2\/posts\/8236","targetHints":{"allow":["GET"]}}],"collection":[{"href":"https:\/\/salvadoracontece.com.br\/index.php\/wp-json\/wp\/v2\/posts"}],"about":[{"href":"https:\/\/salvadoracontece.com.br\/index.php\/wp-json\/wp\/v2\/types\/post"}],"author":[{"embeddable":true,"href":"https:\/\/salvadoracontece.com.br\/index.php\/wp-json\/wp\/v2\/users\/2"}],"replies":[{"embeddable":true,"href":"https:\/\/salvadoracontece.com.br\/index.php\/wp-json\/wp\/v2\/comments?post=8236"}],"version-history":[{"count":1,"href":"https:\/\/salvadoracontece.com.br\/index.php\/wp-json\/wp\/v2\/posts\/8236\/revisions"}],"predecessor-version":[{"id":8238,"href":"https:\/\/salvadoracontece.com.br\/index.php\/wp-json\/wp\/v2\/posts\/8236\/revisions\/8238"}],"wp:featuredmedia":[{"embeddable":true,"href":"https:\/\/salvadoracontece.com.br\/index.php\/wp-json\/wp\/v2\/media\/8237"}],"wp:attachment":[{"href":"https:\/\/salvadoracontece.com.br\/index.php\/wp-json\/wp\/v2\/media?parent=8236"}],"wp:term":[{"taxonomy":"category","embeddable":true,"href":"https:\/\/salvadoracontece.com.br\/index.php\/wp-json\/wp\/v2\/categories?post=8236"},{"taxonomy":"post_tag","embeddable":true,"href":"https:\/\/salvadoracontece.com.br\/index.php\/wp-json\/wp\/v2\/tags?post=8236"}],"curies":[{"name":"wp","href":"https:\/\/api.w.org\/{rel}","templated":true}]}}