{"id":8239,"date":"2024-02-15T13:55:02","date_gmt":"2024-02-15T16:55:02","guid":{"rendered":"https:\/\/salvadoracontece.com.br\/?p=8239"},"modified":"2024-02-15T13:55:03","modified_gmt":"2024-02-15T16:55:03","slug":"vacina-contra-dengue-sera-iniciada-em-salvador-nesta-quinta-feira","status":"publish","type":"post","link":"https:\/\/salvadoracontece.com.br\/index.php\/2024\/02\/15\/vacina-contra-dengue-sera-iniciada-em-salvador-nesta-quinta-feira\/","title":{"rendered":"Vacina contra dengue ser\u00e1 iniciada em Salvador nesta quinta-feira"},"content":{"rendered":"\n<p>A cidade de Salvador vai iniciar a vacina\u00e7\u00e3o contra a dengue nesta quinta-feira (15). O primeiro lote do imunizante, com 56.493 doses chegou na capital baiana nesta manh\u00e3.&nbsp;<\/p>\n\n\n\n<p>Essa primeira fase na capital baiana contemplar\u00e1 com o esquema prim\u00e1rio os pr\u00e9-adolescentes entre 10 e 11 anos; com o recebimento de novos lotes o p\u00fablico ser\u00e1 ampliado gradativamente. Nessa faixa et\u00e1ria, a cidade conta 87.307 pessoas. Em dezembro do ano passado, o Brasil incorporou a vacina no SUS, tornando-se o primeiro pa\u00eds do mundo a oferecer o imunizante no sistema p\u00fablico universal. <\/p>\n\n\n\n<p>O pontap\u00e9 inicial da vacina\u00e7\u00e3o ser\u00e1 \u00e0s 14h na sede da OAF \u2013 Organiza\u00e7\u00e3o de Aux\u00edlio Fraterno, que fica na Rua do Queimado, na Liberdade. J\u00e1 a partir de amanh\u00e3, sexta-feira (16), a vacina\u00e7\u00e3o acontecer\u00e1 em 30 unidades de sa\u00fade de refer\u00eancia, distribu\u00eddas pelos 12 distritos da cidade, das 08 \u00e0s 16h.<\/p>\n\n\n\n<p>\u201cSalvador est\u00e1 na contram\u00e3o do Brasil que entrou em alerta para o aumento de casos de dengue, gra\u00e7as a uma s\u00e9rie de a\u00e7\u00f5es para o enfrentamento das arboviroses que promovemos ao longo dos \u00faltimos meses na nossa cidade. Intensificamos as atividades de monitoramento e preven\u00e7\u00e3o, bem como refor\u00e7amos a conscientiza\u00e7\u00e3o sobre preven\u00e7\u00e3o junto \u00e0 popula\u00e7\u00e3o. A inclus\u00e3o da vacina da dengue \u00e9 mais ferramenta de extrema import\u00e2ncia no SUS para se evitar casos graves da doen\u00e7a, principalmente \u00f3bitos. Com o avan\u00e7o da imuniza\u00e7\u00e3o, esperamos que a dengue seja classificada como mais uma doen\u00e7a imunopreven\u00edvel, mas o enfrentamento contra o mosquito Aedes dever\u00e1 continuar sendo prioridade de cada cidad\u00e3o\u201d.\u00a0<\/p>\n\n\n\n<p>Para receber a dose, deve ser apresentado documento de identifica\u00e7\u00e3o com foto, cart\u00e3o SUS de Salvador e caderneta de vacina\u00e7\u00e3o. Vale destacar que a aplica\u00e7\u00e3o ser\u00e1 feita somente na presen\u00e7a dos pais ou respons\u00e1vel legal, garantindo um acompanhamento adequado e a seguran\u00e7a das crian\u00e7as e adolescentes. Para a vacina\u00e7\u00e3o nas escolas, as crian\u00e7as dever\u00e3o portar documento de autoriza\u00e7\u00e3o dos pais e ou respons\u00e1veis.\u00a0\u00a0 <\/p>\n\n\n\n<p><strong>DADOS&nbsp;<\/strong><\/p>\n\n\n\n<p>Salvador contabiliza 158 casos confirmados de dengue na 6\u00aa semana epidemiol\u00f3gica, entre 31 de dezembro e 10 de fevereiro. O n\u00famero representa redu\u00e7\u00e3o de 65% das notifica\u00e7\u00f5es quando comparado com o mesmo per\u00edodo do ano passado, quando foram registrados 453 casos.<\/p>\n\n\n\n<p>CONFIRA AS UNIDADES DE REFER\u00caNCIA POR DISTRITO SANIT\u00c1RIO:<\/p>\n\n\n\n<figure class=\"wp-block-image\"><img decoding=\"async\" src=\"https:\/\/www.bahianoticias.com.br\/fotos\/saude_noticias\/31329\/mg\/postos%20de%20sa%C3%BAde%20dengue%20.png\" alt=\"\"\/><\/figure>\n\n\n\n<p><strong><img decoding=\"async\" src=\"https:\/\/www.bahianoticias.com.br\/fotos\/saude_noticias\/31329\/mg\/postos%20para%20vacina%20da%20dengue.png\" alt=\"\"><\/strong><\/p>\n\n\n\n<p>Fonte: Bahia Not\u00edcias<\/p>\n","protected":false},"excerpt":{"rendered":"<p>A cidade de Salvador vai iniciar a vacina\u00e7\u00e3o contra a dengue nesta quinta-feira (15). O primeiro lote do imunizante, com 56.493 doses chegou na capital baiana nesta manh\u00e3.&nbsp; Essa primeira fase na capital baiana contemplar\u00e1 com o esquema prim\u00e1rio os pr\u00e9-adolescentes entre 10 e 11 anos; com o recebimento de novos lotes o p\u00fablico ser\u00e1 [&hellip;]<\/p>\n","protected":false},"author":2,"featured_media":8240,"comment_status":"open","ping_status":"open","sticky":false,"template":"","format":"standard","meta":{"footnotes":""},"categories":[94],"tags":[],"class_list":["post-8239","post","type-post","status-publish","format-standard","has-post-thumbnail","hentry","category-saude-2"],"_links":{"self":[{"href":"https:\/\/salvadoracontece.com.br\/index.php\/wp-json\/wp\/v2\/posts\/8239","targetHints":{"allow":["GET"]}}],"collection":[{"href":"https:\/\/salvadoracontece.com.br\/index.php\/wp-json\/wp\/v2\/posts"}],"about":[{"href":"https:\/\/salvadoracontece.com.br\/index.php\/wp-json\/wp\/v2\/types\/post"}],"author":[{"embeddable":true,"href":"https:\/\/salvadoracontece.com.br\/index.php\/wp-json\/wp\/v2\/users\/2"}],"replies":[{"embeddable":true,"href":"https:\/\/salvadoracontece.com.br\/index.php\/wp-json\/wp\/v2\/comments?post=8239"}],"version-history":[{"count":1,"href":"https:\/\/salvadoracontece.com.br\/index.php\/wp-json\/wp\/v2\/posts\/8239\/revisions"}],"predecessor-version":[{"id":8241,"href":"https:\/\/salvadoracontece.com.br\/index.php\/wp-json\/wp\/v2\/posts\/8239\/revisions\/8241"}],"wp:featuredmedia":[{"embeddable":true,"href":"https:\/\/salvadoracontece.com.br\/index.php\/wp-json\/wp\/v2\/media\/8240"}],"wp:attachment":[{"href":"https:\/\/salvadoracontece.com.br\/index.php\/wp-json\/wp\/v2\/media?parent=8239"}],"wp:term":[{"taxonomy":"category","embeddable":true,"href":"https:\/\/salvadoracontece.com.br\/index.php\/wp-json\/wp\/v2\/categories?post=8239"},{"taxonomy":"post_tag","embeddable":true,"href":"https:\/\/salvadoracontece.com.br\/index.php\/wp-json\/wp\/v2\/tags?post=8239"}],"curies":[{"name":"wp","href":"https:\/\/api.w.org\/{rel}","templated":true}]}}