{"id":8242,"date":"2024-02-15T14:11:28","date_gmt":"2024-02-15T17:11:28","guid":{"rendered":"https:\/\/salvadoracontece.com.br\/?p=8242"},"modified":"2024-02-15T14:11:30","modified_gmt":"2024-02-15T17:11:30","slug":"em-busca-do-hexa-brasil-estreia-na-copa-do-mundo-de-futebol-de-areia","status":"publish","type":"post","link":"https:\/\/salvadoracontece.com.br\/index.php\/2024\/02\/15\/em-busca-do-hexa-brasil-estreia-na-copa-do-mundo-de-futebol-de-areia\/","title":{"rendered":"Em busca do hexa, Brasil estreia na Copa do Mundo de Futebol de Areia"},"content":{"rendered":"\n<p>O hexa vem a\u00ed? Desta vez na Copa do Mundo de Futebol de areia, a Sele\u00e7\u00e3o Brasileira estreia na tarde desta sexta-feira, 16, em busca do 6\u00b0t\u00edtulo da competi\u00e7\u00e3o. Em Dubai, nos Emirados \u00c1rabes Unidos, o torneio conta com a participa\u00e7\u00e3o de 16 sele\u00e7\u00f5es distribu\u00eddas em quatro grupos, o Brasil, por sua vez, est\u00e1 no D, assim como Om\u00e3, Portugal e M\u00e9xico. A decis\u00e3o do torneio est\u00e1 prevista para acontecer no dia 25 de fevereiro.&nbsp;<\/p>\n\n\n\n<p>Nesta sexta-feira, 16, a amarelinha inicia a sua caminhada ao enfrentar a Sele\u00e7\u00e3o do Om\u00e3, a partida ser\u00e1 \u00e0s 14h. Na sequ\u00eancia, dois dias depois, no domingo, jogar\u00e1 contra os portugueses. J\u00e1 na ter\u00e7a, no \u00faltimo jogo da fase, a pentacampe\u00e3 ter\u00e1 pela frente o M\u00e9xico. Todos os jogos ser\u00e3o transmitidos pelo Sportv ao vivo.&nbsp;<\/p>\n\n\n\n<p>Assim como no futebol de campo, a Sele\u00e7\u00e3o Brasileira de areia \u00e9 a maior campe\u00e3 da Copa do Mundo, com cinco t\u00edtulos (2006, 2007, 2008, 2009 e 2017). Al\u00e9m da amarelinha, Fran\u00e7a, Portugal (2x) e R\u00fassia (3x) conseguiram levantar a ta\u00e7a.&nbsp;<\/p>\n\n\n\n<p><strong>Confira os convocados:&nbsp;<\/strong><\/p>\n\n\n\n<p>Goleiros: Bob\u00f4 (Sampaio Corr\u00eaa-MA) e Teleco (Vasco da Gama-RJ)<\/p>\n\n\n\n<p>Fixos: Brendo (Anchieta-ES), Bruno Xavier (Anchieta-ES) e Catarino (Catanha BS-IT\u00c1LIA)<\/p>\n\n\n\n<p>Alas: Datinha (Sampaio Corr\u00eaa-MA), Filipe Silva (Lokomotiv-R\u00daSSIA), Mauricinho (Vasco da Gama &#8211; RJ) e Z\u00e9 Lucas (ABC\/Galinhos &#8211; RN)<\/p>\n\n\n\n<p>Piv\u00f4s: Alisson (ABC\/Galinhos-RN), Edson Hulk (Sampaio Corr\u00eaa-MA) e Rodrigo (Flamengo-RJ)<\/p>\n\n\n\n<p><strong>Jogos da fase de grupos:&nbsp;<\/strong><\/p>\n\n\n\n<p>Brasil x Om\u00e3: sexta-feira, 16, 14h&nbsp;<\/p>\n\n\n\n<p>Brasil x Portugal: domingo, 18, 14h<\/p>\n\n\n\n<p>M\u00e9xico x Brasil: ter\u00e7a-feira, 20, 14h<\/p>\n\n\n\n<p>Fonte: A Tarde<\/p>\n","protected":false},"excerpt":{"rendered":"<p>O hexa vem a\u00ed? Desta vez na Copa do Mundo de Futebol de areia, a Sele\u00e7\u00e3o Brasileira estreia na tarde desta sexta-feira, 16, em busca do 6\u00b0t\u00edtulo da competi\u00e7\u00e3o. Em Dubai, nos Emirados \u00c1rabes Unidos, o torneio conta com a participa\u00e7\u00e3o de 16 sele\u00e7\u00f5es distribu\u00eddas em quatro grupos, o Brasil, por sua vez, est\u00e1 no [&hellip;]<\/p>\n","protected":false},"author":2,"featured_media":8243,"comment_status":"open","ping_status":"open","sticky":false,"template":"","format":"standard","meta":{"footnotes":""},"categories":[89],"tags":[],"class_list":["post-8242","post","type-post","status-publish","format-standard","has-post-thumbnail","hentry","category-esportes"],"_links":{"self":[{"href":"https:\/\/salvadoracontece.com.br\/index.php\/wp-json\/wp\/v2\/posts\/8242","targetHints":{"allow":["GET"]}}],"collection":[{"href":"https:\/\/salvadoracontece.com.br\/index.php\/wp-json\/wp\/v2\/posts"}],"about":[{"href":"https:\/\/salvadoracontece.com.br\/index.php\/wp-json\/wp\/v2\/types\/post"}],"author":[{"embeddable":true,"href":"https:\/\/salvadoracontece.com.br\/index.php\/wp-json\/wp\/v2\/users\/2"}],"replies":[{"embeddable":true,"href":"https:\/\/salvadoracontece.com.br\/index.php\/wp-json\/wp\/v2\/comments?post=8242"}],"version-history":[{"count":1,"href":"https:\/\/salvadoracontece.com.br\/index.php\/wp-json\/wp\/v2\/posts\/8242\/revisions"}],"predecessor-version":[{"id":8244,"href":"https:\/\/salvadoracontece.com.br\/index.php\/wp-json\/wp\/v2\/posts\/8242\/revisions\/8244"}],"wp:featuredmedia":[{"embeddable":true,"href":"https:\/\/salvadoracontece.com.br\/index.php\/wp-json\/wp\/v2\/media\/8243"}],"wp:attachment":[{"href":"https:\/\/salvadoracontece.com.br\/index.php\/wp-json\/wp\/v2\/media?parent=8242"}],"wp:term":[{"taxonomy":"category","embeddable":true,"href":"https:\/\/salvadoracontece.com.br\/index.php\/wp-json\/wp\/v2\/categories?post=8242"},{"taxonomy":"post_tag","embeddable":true,"href":"https:\/\/salvadoracontece.com.br\/index.php\/wp-json\/wp\/v2\/tags?post=8242"}],"curies":[{"name":"wp","href":"https:\/\/api.w.org\/{rel}","templated":true}]}}