{"id":8245,"date":"2024-02-15T14:33:24","date_gmt":"2024-02-15T17:33:24","guid":{"rendered":"https:\/\/salvadoracontece.com.br\/?p=8245"},"modified":"2024-02-15T14:33:26","modified_gmt":"2024-02-15T17:33:26","slug":"presidente-da-petrobras-retoma-negociacao-para-venda-da-braskem-diz-colunista","status":"publish","type":"post","link":"https:\/\/salvadoracontece.com.br\/index.php\/2024\/02\/15\/presidente-da-petrobras-retoma-negociacao-para-venda-da-braskem-diz-colunista\/","title":{"rendered":"Presidente da Petrobras retoma negocia\u00e7\u00e3o para venda da Braskem, diz colunista"},"content":{"rendered":"\n<p>O presidente da Petrobras, Jean Paul Prates, que passou o per\u00edodo de Carnaval no Oriente M\u00e9dio, se reuniu na ter\u00e7a-feira (14) nos Emirados \u00c1rabes com o presidente da Adnoc, Sultan Al Jaber. O encontro aconteceu na sede da Adnoc. A informa\u00e7\u00e3o \u00e9 da coluna de Lauro Jardim, do jornal O Globo.<\/p>\n\n\n\n<p>De acordo com a publica\u00e7\u00e3o, foi a retomada das negocia\u00e7\u00f5es com a estatal de petr\u00f3leo \u00e1rabe para a venda da Braskem da participa\u00e7\u00e3o da Odebrecht na empresa. O neg\u00f3cio ser\u00e1 feito com a Odebrecht, mas como a Petrobras, s\u00f3cia da Braskem, tem o direito de prefer\u00eancia, a venda ter\u00e1 que ter a autoriza\u00e7\u00e3o da estatal brasileira.<\/p>\n\n\n\n<p>Fonte: bahia.ba <\/p>\n","protected":false},"excerpt":{"rendered":"<p>O presidente da Petrobras, Jean Paul Prates, que passou o per\u00edodo de Carnaval no Oriente M\u00e9dio, se reuniu na ter\u00e7a-feira (14) nos Emirados \u00c1rabes com o presidente da Adnoc, Sultan Al Jaber. O encontro aconteceu na sede da Adnoc. A informa\u00e7\u00e3o \u00e9 da coluna de Lauro Jardim, do jornal O Globo. De acordo com a [&hellip;]<\/p>\n","protected":false},"author":2,"featured_media":8246,"comment_status":"open","ping_status":"open","sticky":false,"template":"","format":"standard","meta":{"footnotes":""},"categories":[91],"tags":[],"class_list":["post-8245","post","type-post","status-publish","format-standard","has-post-thumbnail","hentry","category-politica"],"_links":{"self":[{"href":"https:\/\/salvadoracontece.com.br\/index.php\/wp-json\/wp\/v2\/posts\/8245","targetHints":{"allow":["GET"]}}],"collection":[{"href":"https:\/\/salvadoracontece.com.br\/index.php\/wp-json\/wp\/v2\/posts"}],"about":[{"href":"https:\/\/salvadoracontece.com.br\/index.php\/wp-json\/wp\/v2\/types\/post"}],"author":[{"embeddable":true,"href":"https:\/\/salvadoracontece.com.br\/index.php\/wp-json\/wp\/v2\/users\/2"}],"replies":[{"embeddable":true,"href":"https:\/\/salvadoracontece.com.br\/index.php\/wp-json\/wp\/v2\/comments?post=8245"}],"version-history":[{"count":1,"href":"https:\/\/salvadoracontece.com.br\/index.php\/wp-json\/wp\/v2\/posts\/8245\/revisions"}],"predecessor-version":[{"id":8247,"href":"https:\/\/salvadoracontece.com.br\/index.php\/wp-json\/wp\/v2\/posts\/8245\/revisions\/8247"}],"wp:featuredmedia":[{"embeddable":true,"href":"https:\/\/salvadoracontece.com.br\/index.php\/wp-json\/wp\/v2\/media\/8246"}],"wp:attachment":[{"href":"https:\/\/salvadoracontece.com.br\/index.php\/wp-json\/wp\/v2\/media?parent=8245"}],"wp:term":[{"taxonomy":"category","embeddable":true,"href":"https:\/\/salvadoracontece.com.br\/index.php\/wp-json\/wp\/v2\/categories?post=8245"},{"taxonomy":"post_tag","embeddable":true,"href":"https:\/\/salvadoracontece.com.br\/index.php\/wp-json\/wp\/v2\/tags?post=8245"}],"curies":[{"name":"wp","href":"https:\/\/api.w.org\/{rel}","templated":true}]}}