{"id":8248,"date":"2024-02-15T14:42:37","date_gmt":"2024-02-15T17:42:37","guid":{"rendered":"https:\/\/salvadoracontece.com.br\/?p=8248"},"modified":"2024-02-15T14:42:39","modified_gmt":"2024-02-15T17:42:39","slug":"zagueiro-do-bahia-tem-casa-de-luxo-invadida-e-roubada-em-condominio-saiba-quem","status":"publish","type":"post","link":"https:\/\/salvadoracontece.com.br\/index.php\/2024\/02\/15\/zagueiro-do-bahia-tem-casa-de-luxo-invadida-e-roubada-em-condominio-saiba-quem\/","title":{"rendered":"Zagueiro do Bahia tem casa de luxo invadida e roubada em condom\u00ednio; saiba quem"},"content":{"rendered":"\n<p>A casa do\u00a0zagueiro Vitor Hugo, localizada no condom\u00ednio de Busca Vida, em Cama\u00e7ari, foi invadida e roubada por criminosos. O incidente aconteceu antes do Carnaval, mas a queixa s\u00f3 foi prestada na quarta-feira (14), na 26\u00aa Delegacia Territorial de Abrantes. As informa\u00e7\u00f5es foram divulgadas pelo Informe Baiano.<\/p>\n\n\n\n<p>Vitor Hugo, que pertence ao Bahia,\u00a0foi emprestado recentemente ao Panathinaikos, da Gr\u00e9cia. O atleta e a fam\u00edlia viajaram para a Europa logo ap\u00f3s a negocia\u00e7\u00e3o. Dias depois da viagem, uma funcion\u00e1ria esteve no im\u00f3vel para fazer a limpeza e se deparou com o crime.\u00a0<\/p>\n\n\n<div class=\"wp-block-image\">\n<figure class=\"aligncenter size-full\"><img loading=\"lazy\" decoding=\"async\" width=\"800\" height=\"450\" src=\"https:\/\/salvadoracontece.com.br\/wp-content\/uploads\/2024\/02\/image.png\" alt=\"\" class=\"wp-image-8250\" srcset=\"https:\/\/salvadoracontece.com.br\/wp-content\/uploads\/2024\/02\/image.png 800w, https:\/\/salvadoracontece.com.br\/wp-content\/uploads\/2024\/02\/image-300x169.png 300w, https:\/\/salvadoracontece.com.br\/wp-content\/uploads\/2024\/02\/image-768x432.png 768w\" sizes=\"auto, (max-width: 800px) 100vw, 800px\" \/><\/figure><\/div>\n\n\n<p>A suspeita \u00e9 de que os criminosos tenham entrado pela janela do quarto. Foram levados um videogame, camisas de time e uma televis\u00e3o. O caso ser\u00e1 investigado pela Pol\u00edcia Civil.<\/p>\n\n\n\n<p>Fonte: boc\u00e3o news<\/p>\n\n\n\n<p><\/p>\n","protected":false},"excerpt":{"rendered":"<p>A casa do\u00a0zagueiro Vitor Hugo, localizada no condom\u00ednio de Busca Vida, em Cama\u00e7ari, foi invadida e roubada por criminosos. O incidente aconteceu antes do Carnaval, mas a queixa s\u00f3 foi prestada na quarta-feira (14), na 26\u00aa Delegacia Territorial de Abrantes. As informa\u00e7\u00f5es foram divulgadas pelo Informe Baiano. Vitor Hugo, que pertence ao Bahia,\u00a0foi emprestado recentemente [&hellip;]<\/p>\n","protected":false},"author":2,"featured_media":8249,"comment_status":"open","ping_status":"open","sticky":false,"template":"","format":"standard","meta":{"footnotes":""},"categories":[85],"tags":[],"class_list":["post-8248","post","type-post","status-publish","format-standard","has-post-thumbnail","hentry","category-noticias"],"_links":{"self":[{"href":"https:\/\/salvadoracontece.com.br\/index.php\/wp-json\/wp\/v2\/posts\/8248","targetHints":{"allow":["GET"]}}],"collection":[{"href":"https:\/\/salvadoracontece.com.br\/index.php\/wp-json\/wp\/v2\/posts"}],"about":[{"href":"https:\/\/salvadoracontece.com.br\/index.php\/wp-json\/wp\/v2\/types\/post"}],"author":[{"embeddable":true,"href":"https:\/\/salvadoracontece.com.br\/index.php\/wp-json\/wp\/v2\/users\/2"}],"replies":[{"embeddable":true,"href":"https:\/\/salvadoracontece.com.br\/index.php\/wp-json\/wp\/v2\/comments?post=8248"}],"version-history":[{"count":1,"href":"https:\/\/salvadoracontece.com.br\/index.php\/wp-json\/wp\/v2\/posts\/8248\/revisions"}],"predecessor-version":[{"id":8251,"href":"https:\/\/salvadoracontece.com.br\/index.php\/wp-json\/wp\/v2\/posts\/8248\/revisions\/8251"}],"wp:featuredmedia":[{"embeddable":true,"href":"https:\/\/salvadoracontece.com.br\/index.php\/wp-json\/wp\/v2\/media\/8249"}],"wp:attachment":[{"href":"https:\/\/salvadoracontece.com.br\/index.php\/wp-json\/wp\/v2\/media?parent=8248"}],"wp:term":[{"taxonomy":"category","embeddable":true,"href":"https:\/\/salvadoracontece.com.br\/index.php\/wp-json\/wp\/v2\/categories?post=8248"},{"taxonomy":"post_tag","embeddable":true,"href":"https:\/\/salvadoracontece.com.br\/index.php\/wp-json\/wp\/v2\/tags?post=8248"}],"curies":[{"name":"wp","href":"https:\/\/api.w.org\/{rel}","templated":true}]}}