{"id":8255,"date":"2024-02-15T15:56:18","date_gmt":"2024-02-15T18:56:18","guid":{"rendered":"https:\/\/salvadoracontece.com.br\/?p=8255"},"modified":"2024-02-15T15:56:19","modified_gmt":"2024-02-15T18:56:19","slug":"comemorando-o-verao-baiano-festival-de-morro-de-sao-paulo-comeca-nesta-quinta-feira","status":"publish","type":"post","link":"https:\/\/salvadoracontece.com.br\/index.php\/2024\/02\/15\/comemorando-o-verao-baiano-festival-de-morro-de-sao-paulo-comeca-nesta-quinta-feira\/","title":{"rendered":"Comemorando o ver\u00e3o baiano, Festival de Morro de S\u00e3o Paulo come\u00e7a nesta quinta-feira"},"content":{"rendered":"\n<p>Ainda em clima de Carnaval, Morro de S\u00e3o Paulo inicia a 7\u00aa edi\u00e7\u00e3o do seu festival nesta quinta-feira (15), celebrando o ver\u00e3o baiano em um dos destinos mais procurados pelos turistas nessa \u00e9poca do ano. Com programa\u00e7\u00e3o at\u00e9 domingo (17), o evento acontece na Segunda Praia, de forma gratuita, e conta com as apresenta\u00e7\u00f5es exclusivas de Luiz Caldas, Jau, Filhos de Jorge, Afrocidade, Cheiro de Amor, Negra Cor e Batifun.&nbsp;<\/p>\n\n\n\n<figure class=\"wp-block-image\"><img decoding=\"async\" src=\"https:\/\/www.bahianoticias.com.br\/fotos\/hall_enjoy\/991\/mg\/Morro-de-sao-paulo-festival..jpg\" alt=\"Festival de Morro de S\u00e3o Paulo\"\/><\/figure>\n\n\n\n<p>Ap\u00f3s uma pausa de sete anos, o festival retornou com suas atividades em 2023, trazendo para o line-up nomes como Marcelo Falc\u00e3o e Toni Garrido. Segundo M\u00e1rcia Mamede, coordenadora geral do projeto, a expectativa \u00e9 que agora o evento se firme no calend\u00e1rio do ver\u00e3o baiano.<\/p>\n\n\n\n<p>\u201cMorro de S\u00e3o Paulo \u00e9 um lugar m\u00e1gico, um destino procurado internacionalmente, e merece ter eventos como esse festival, que celebra a m\u00fasica, a natureza e os encontros. Em 2024 tenho certeza que vamos repetir o sucesso que aconteceu em 2023\u201d, afirmou M\u00e1rcia.<\/p>\n\n\n\n<p>Seguindo o exemplo de edi\u00e7\u00f5es anteriores, o evento \u00e9 creditado com o selo Carbon Free, mantendo a sua rela\u00e7\u00e3o direta com os cuidados socioambientais. Durante os tr\u00eas dias de eventos, ser\u00e3o calculados os \u00edndices de di\u00f3xido de carbono emitidos no distrito e a cota de emiss\u00f5es registrada ser\u00e1 compensada por meio do plantio de \u00e1rvores, executado pela Organiza\u00e7\u00e3o de Conserva\u00e7\u00e3o da Terra (OCT), situada em Pratigi. Toda a gest\u00e3o ser\u00e1 supervisionada por um especialista da Organiza\u00e7\u00e3o, que vai gerenciar as redu\u00e7\u00f5es de impactos dos res\u00edduos no ambiente.<\/p>\n\n\n\n<p>Ainda refor\u00e7ando o seu compromisso com a sustentabilidade, a festa tamb\u00e9m se preocupa com o descarte do material recicl\u00e1vel utilizado durante o evento. Os res\u00edduos gerados ser\u00e3o direcionados a uma cooperativa local, que ser\u00e1 respons\u00e1vel pelas etapas de coleta, transporte, transbordo e destina\u00e7\u00e3o final.<\/p>\n\n\n\n<p>Fonte: Bahia Not\u00edcias<\/p>\n","protected":false},"excerpt":{"rendered":"<p>Ainda em clima de Carnaval, Morro de S\u00e3o Paulo inicia a 7\u00aa edi\u00e7\u00e3o do seu festival nesta quinta-feira (15), celebrando o ver\u00e3o baiano em um dos destinos mais procurados pelos turistas nessa \u00e9poca do ano. Com programa\u00e7\u00e3o at\u00e9 domingo (17), o evento acontece na Segunda Praia, de forma gratuita, e conta com as apresenta\u00e7\u00f5es exclusivas [&hellip;]<\/p>\n","protected":false},"author":2,"featured_media":8256,"comment_status":"open","ping_status":"open","sticky":false,"template":"","format":"standard","meta":{"footnotes":""},"categories":[85],"tags":[],"class_list":["post-8255","post","type-post","status-publish","format-standard","has-post-thumbnail","hentry","category-noticias"],"_links":{"self":[{"href":"https:\/\/salvadoracontece.com.br\/index.php\/wp-json\/wp\/v2\/posts\/8255","targetHints":{"allow":["GET"]}}],"collection":[{"href":"https:\/\/salvadoracontece.com.br\/index.php\/wp-json\/wp\/v2\/posts"}],"about":[{"href":"https:\/\/salvadoracontece.com.br\/index.php\/wp-json\/wp\/v2\/types\/post"}],"author":[{"embeddable":true,"href":"https:\/\/salvadoracontece.com.br\/index.php\/wp-json\/wp\/v2\/users\/2"}],"replies":[{"embeddable":true,"href":"https:\/\/salvadoracontece.com.br\/index.php\/wp-json\/wp\/v2\/comments?post=8255"}],"version-history":[{"count":1,"href":"https:\/\/salvadoracontece.com.br\/index.php\/wp-json\/wp\/v2\/posts\/8255\/revisions"}],"predecessor-version":[{"id":8257,"href":"https:\/\/salvadoracontece.com.br\/index.php\/wp-json\/wp\/v2\/posts\/8255\/revisions\/8257"}],"wp:featuredmedia":[{"embeddable":true,"href":"https:\/\/salvadoracontece.com.br\/index.php\/wp-json\/wp\/v2\/media\/8256"}],"wp:attachment":[{"href":"https:\/\/salvadoracontece.com.br\/index.php\/wp-json\/wp\/v2\/media?parent=8255"}],"wp:term":[{"taxonomy":"category","embeddable":true,"href":"https:\/\/salvadoracontece.com.br\/index.php\/wp-json\/wp\/v2\/categories?post=8255"},{"taxonomy":"post_tag","embeddable":true,"href":"https:\/\/salvadoracontece.com.br\/index.php\/wp-json\/wp\/v2\/tags?post=8255"}],"curies":[{"name":"wp","href":"https:\/\/api.w.org\/{rel}","templated":true}]}}