{"id":8270,"date":"2024-02-19T11:06:14","date_gmt":"2024-02-19T14:06:14","guid":{"rendered":"https:\/\/salvadoracontece.com.br\/?p=8270"},"modified":"2024-02-19T11:06:16","modified_gmt":"2024-02-19T14:06:16","slug":"salvador-tem-780-aplicacoes-realizadas-no-1o-dia-da-vacinacao-contra-a-dengue","status":"publish","type":"post","link":"https:\/\/salvadoracontece.com.br\/index.php\/2024\/02\/19\/salvador-tem-780-aplicacoes-realizadas-no-1o-dia-da-vacinacao-contra-a-dengue\/","title":{"rendered":"Salvador tem 780 aplica\u00e7\u00f5es realizadas no 1\u00ba dia da vacina\u00e7\u00e3o contra a dengue"},"content":{"rendered":"\n<p>A aplica\u00e7\u00e3o das doses contra a dengue foram iniciadas nesta sexta-feira (16), pela Secretaria Municipal de Sa\u00fade (SMS). Os 30 postos de sa\u00fade que atender\u00e3o o p\u00fablico jovem nesta primeira fase, entre 10 e 11 anos, receberam um bom \u00edndice de comparecimento no primeiro dia.&nbsp;<\/p>\n\n\n\n<p>Na quinta-feira (15), foram disponibilizadas 56.493 doses da vacina contra o v\u00edrus do Aedes Aegypti em Salvador. O come\u00e7o da imuniza\u00e7\u00e3o se deu no popular bairro da Liberdade, na Organiza\u00e7\u00e3o do Aux\u00edlio Fraterno (OAF).&nbsp;<\/p>\n\n\n\n<p>Ana Paula Matos, prefeita da capital e secret\u00e1ria da SMS, acompanhou o in\u00edcio da primeira fase da imuniza\u00e7\u00e3o e se mostrou feliz com os resultados.&nbsp;<\/p>\n\n\n\n<p>&#8220;Este \u00e9 um n\u00famero bastante positivo considerando que boa parte do dia foi de sensibiliza\u00e7\u00e3o e orienta\u00e7\u00e3o \u00e0s fam\u00edlias, pais e respons\u00e1veis para a import\u00e2ncia da vacina que evita o agravamento pela dengue&#8221;, frizou Ana.&nbsp;<\/p>\n\n\n\n<p>A vice-prefeita tamb\u00e9m destacou as estrat\u00e9gias que vir\u00e3o para aumentar a \u00e1rea de oferta das vacinas.<\/p>\n\n\n\n<p>&#8220;Estamos utilizando esta estrat\u00e9gia das unidades de refer\u00eancia por distrito sanit\u00e1rio, mas j\u00e1 nos preparando para a ado\u00e7\u00e3o da vacina\u00e7\u00e3o nas escolas e, eventualmente, em drives com a chegada de novos lotes; entendendo que essas s\u00e3o iniciativas de otimiza\u00e7\u00e3o ao acesso e prote\u00e7\u00e3o \u00e0 sa\u00fade da nossa sociedade, principalmente para as nossas crian\u00e7as e adolescentes&#8221;, concluiu.\u00a0<\/p>\n\n\n\n<p>Fonte: Varela Net <\/p>\n","protected":false},"excerpt":{"rendered":"<p>A aplica\u00e7\u00e3o das doses contra a dengue foram iniciadas nesta sexta-feira (16), pela Secretaria Municipal de Sa\u00fade (SMS). Os 30 postos de sa\u00fade que atender\u00e3o o p\u00fablico jovem nesta primeira fase, entre 10 e 11 anos, receberam um bom \u00edndice de comparecimento no primeiro dia.&nbsp; Na quinta-feira (15), foram disponibilizadas 56.493 doses da vacina contra [&hellip;]<\/p>\n","protected":false},"author":2,"featured_media":8272,"comment_status":"open","ping_status":"open","sticky":false,"template":"","format":"standard","meta":{"footnotes":""},"categories":[94],"tags":[],"class_list":["post-8270","post","type-post","status-publish","format-standard","has-post-thumbnail","hentry","category-saude-2"],"_links":{"self":[{"href":"https:\/\/salvadoracontece.com.br\/index.php\/wp-json\/wp\/v2\/posts\/8270","targetHints":{"allow":["GET"]}}],"collection":[{"href":"https:\/\/salvadoracontece.com.br\/index.php\/wp-json\/wp\/v2\/posts"}],"about":[{"href":"https:\/\/salvadoracontece.com.br\/index.php\/wp-json\/wp\/v2\/types\/post"}],"author":[{"embeddable":true,"href":"https:\/\/salvadoracontece.com.br\/index.php\/wp-json\/wp\/v2\/users\/2"}],"replies":[{"embeddable":true,"href":"https:\/\/salvadoracontece.com.br\/index.php\/wp-json\/wp\/v2\/comments?post=8270"}],"version-history":[{"count":1,"href":"https:\/\/salvadoracontece.com.br\/index.php\/wp-json\/wp\/v2\/posts\/8270\/revisions"}],"predecessor-version":[{"id":8273,"href":"https:\/\/salvadoracontece.com.br\/index.php\/wp-json\/wp\/v2\/posts\/8270\/revisions\/8273"}],"wp:featuredmedia":[{"embeddable":true,"href":"https:\/\/salvadoracontece.com.br\/index.php\/wp-json\/wp\/v2\/media\/8272"}],"wp:attachment":[{"href":"https:\/\/salvadoracontece.com.br\/index.php\/wp-json\/wp\/v2\/media?parent=8270"}],"wp:term":[{"taxonomy":"category","embeddable":true,"href":"https:\/\/salvadoracontece.com.br\/index.php\/wp-json\/wp\/v2\/categories?post=8270"},{"taxonomy":"post_tag","embeddable":true,"href":"https:\/\/salvadoracontece.com.br\/index.php\/wp-json\/wp\/v2\/tags?post=8270"}],"curies":[{"name":"wp","href":"https:\/\/api.w.org\/{rel}","templated":true}]}}