{"id":8274,"date":"2024-02-19T11:39:48","date_gmt":"2024-02-19T14:39:48","guid":{"rendered":"https:\/\/salvadoracontece.com.br\/?p=8274"},"modified":"2024-02-19T11:39:50","modified_gmt":"2024-02-19T14:39:50","slug":"por-cartao-amarelo-no-ba-vi-dudu-desfalca-o-vitoria-na-proxima-rodada-do-baianao","status":"publish","type":"post","link":"https:\/\/salvadoracontece.com.br\/index.php\/2024\/02\/19\/por-cartao-amarelo-no-ba-vi-dudu-desfalca-o-vitoria-na-proxima-rodada-do-baianao\/","title":{"rendered":"Por cart\u00e3o amarelo no Ba-Vi, Dudu desfalca o Vit\u00f3ria na pr\u00f3xima rodada do Baian\u00e3o"},"content":{"rendered":"\n<p>Um dos destaques do Vit\u00f3ria no Ba-Vi do \u00faltimo domingo (18), vencido pelo Le\u00e3o por 3 a 2, o volante Dudu est\u00e1 fora da pr\u00f3xima partida do Rubro-Negro pelo Campeonato Baiano, no pr\u00f3ximo domingo (25), pela oitava rodada. O jogador recebeu o terceiro cart\u00e3o amarelo e cumprir\u00e1 suspens\u00e3o autom\u00e1tica.<\/p>\n\n\n\n<p>Antes do duelo pelo certame estadual, Dudu estar\u00e1 dispon\u00edvel para enfrentar o N\u00e1utico, na pr\u00f3xima quarta-feira (21), \u00e0s 19h, no Barrad\u00e3o, pela quarta rodada da Copa do Nordeste. No momento, o Vit\u00f3ria ocupa a quinta coloca\u00e7\u00e3o do Grupo A da &#8220;Lampions League&#8221;, com quatro pontos, atr\u00e1s de CRB, Botafogo-PB, Sport e Cear\u00e1.<\/p>\n\n\n\n<p>No Baian\u00e3o, o Le\u00e3o \u00e9 o terceiro colocado, com 13 pontos, mesma pontua\u00e7\u00e3o do vice-l\u00edder Bahia e um a menos que a l\u00edder Juazeirense. Ap\u00f3s enfrentar o Atl\u00e9tico de Alagoinhas, o Vit\u00f3ria far\u00e1 mais um jogo pela 1\u00aa fase do Campeonato Baiano, contra o Itabuna, no Est\u00e1dio M\u00e1rio Pessoa, no dia 3 de mar\u00e7o.<\/p>\n\n\n\n<p>Para repor o desfalque de Dudu, L\u00e9o Cond\u00e9 tem como op\u00e7\u00f5es para a posi\u00e7\u00e3o os volantes Caio Vin\u00edcius, Rodrigo Andrade e Jos\u00e9 Breno, rec\u00e9m-promovido ao time profissional do Vit\u00f3ria.<\/p>\n\n\n\n<p>Fonte: Bahia Not\u00edcias <\/p>\n","protected":false},"excerpt":{"rendered":"<p>Um dos destaques do Vit\u00f3ria no Ba-Vi do \u00faltimo domingo (18), vencido pelo Le\u00e3o por 3 a 2, o volante Dudu est\u00e1 fora da pr\u00f3xima partida do Rubro-Negro pelo Campeonato Baiano, no pr\u00f3ximo domingo (25), pela oitava rodada. O jogador recebeu o terceiro cart\u00e3o amarelo e cumprir\u00e1 suspens\u00e3o autom\u00e1tica. Antes do duelo pelo certame estadual, [&hellip;]<\/p>\n","protected":false},"author":2,"featured_media":8275,"comment_status":"open","ping_status":"open","sticky":false,"template":"","format":"standard","meta":{"footnotes":""},"categories":[89],"tags":[],"class_list":["post-8274","post","type-post","status-publish","format-standard","has-post-thumbnail","hentry","category-esportes"],"_links":{"self":[{"href":"https:\/\/salvadoracontece.com.br\/index.php\/wp-json\/wp\/v2\/posts\/8274","targetHints":{"allow":["GET"]}}],"collection":[{"href":"https:\/\/salvadoracontece.com.br\/index.php\/wp-json\/wp\/v2\/posts"}],"about":[{"href":"https:\/\/salvadoracontece.com.br\/index.php\/wp-json\/wp\/v2\/types\/post"}],"author":[{"embeddable":true,"href":"https:\/\/salvadoracontece.com.br\/index.php\/wp-json\/wp\/v2\/users\/2"}],"replies":[{"embeddable":true,"href":"https:\/\/salvadoracontece.com.br\/index.php\/wp-json\/wp\/v2\/comments?post=8274"}],"version-history":[{"count":1,"href":"https:\/\/salvadoracontece.com.br\/index.php\/wp-json\/wp\/v2\/posts\/8274\/revisions"}],"predecessor-version":[{"id":8276,"href":"https:\/\/salvadoracontece.com.br\/index.php\/wp-json\/wp\/v2\/posts\/8274\/revisions\/8276"}],"wp:featuredmedia":[{"embeddable":true,"href":"https:\/\/salvadoracontece.com.br\/index.php\/wp-json\/wp\/v2\/media\/8275"}],"wp:attachment":[{"href":"https:\/\/salvadoracontece.com.br\/index.php\/wp-json\/wp\/v2\/media?parent=8274"}],"wp:term":[{"taxonomy":"category","embeddable":true,"href":"https:\/\/salvadoracontece.com.br\/index.php\/wp-json\/wp\/v2\/categories?post=8274"},{"taxonomy":"post_tag","embeddable":true,"href":"https:\/\/salvadoracontece.com.br\/index.php\/wp-json\/wp\/v2\/tags?post=8274"}],"curies":[{"name":"wp","href":"https:\/\/api.w.org\/{rel}","templated":true}]}}