{"id":8277,"date":"2024-02-19T13:42:55","date_gmt":"2024-02-19T16:42:55","guid":{"rendered":"https:\/\/salvadoracontece.com.br\/?p=8277"},"modified":"2024-02-19T13:42:57","modified_gmt":"2024-02-19T16:42:57","slug":"ambulantes-ja-podem-retirar-material-apreendido-no-carnaval","status":"publish","type":"post","link":"https:\/\/salvadoracontece.com.br\/index.php\/2024\/02\/19\/ambulantes-ja-podem-retirar-material-apreendido-no-carnaval\/","title":{"rendered":"Ambulantes j\u00e1 podem retirar material apreendido no Carnaval"},"content":{"rendered":"\n<p>Os ambulantes\u00a0 que tiveram algum material apreendido por irregularidade\u00a0durante o Carnaval\u00a0j\u00e1 podem\u00a0retir\u00e1-los a partir desta segunda-feira, 19, das 8h \u00e0s 16h, no Setor de Guarda de Bens (Segub), vinculado \u00e0 Secretaria Municipal de Ordem P\u00fablica (Semop), sediado na Avenida San Martin, na sede da Guarda Municipal, ao lado da Escola Estadual Lu\u00eds Eduardo Magalh\u00e3es. <\/p>\n\n\n\n<p>Nos cinco primeiros dias de Carnaval, foram registradas 9.672 apreens\u00f5es durante 4.152 abordagens e orienta\u00e7\u00f5es aos ambulantes, com destaque para 10 kg de carne apreendidas em um sanit\u00e1rio qu\u00edmico situado no Circuito Dod\u00f4 (Barra\/Ondina), al\u00e9m de 2.240 itens considerados perigosos, como espetinhos de churrasco, garrafas e demais objetos de vidro, facas e fac\u00f5es.<\/p>\n\n\n\n<p>O diretor de Servi\u00e7os P\u00fablicos da Semop, Alysson Carvalho, explica que todo material com potencial de ser lesivo ao cidad\u00e3o, a exemplo de materiais perfurocortantes, churrasqueiras e tudo que possa trazer uma sensa\u00e7\u00e3o de inseguran\u00e7a, \u00e9 recolhido pelos agentes da Prefeitura.&#8221;Esse material pode ser retirado mediante o pagamento da multa emitida durante o ato de infra\u00e7\u00e3o, cujo valor ser\u00e1 compat\u00edvel com a gravidade da irregularidade&#8221;.<\/p>\n\n\n\n<p>Fonte: A Tarde <\/p>\n","protected":false},"excerpt":{"rendered":"<p>Os ambulantes\u00a0 que tiveram algum material apreendido por irregularidade\u00a0durante o Carnaval\u00a0j\u00e1 podem\u00a0retir\u00e1-los a partir desta segunda-feira, 19, das 8h \u00e0s 16h, no Setor de Guarda de Bens (Segub), vinculado \u00e0 Secretaria Municipal de Ordem P\u00fablica (Semop), sediado na Avenida San Martin, na sede da Guarda Municipal, ao lado da Escola Estadual Lu\u00eds Eduardo Magalh\u00e3es. Nos [&hellip;]<\/p>\n","protected":false},"author":2,"featured_media":8278,"comment_status":"open","ping_status":"open","sticky":false,"template":"","format":"standard","meta":{"footnotes":""},"categories":[85],"tags":[],"class_list":["post-8277","post","type-post","status-publish","format-standard","has-post-thumbnail","hentry","category-noticias"],"_links":{"self":[{"href":"https:\/\/salvadoracontece.com.br\/index.php\/wp-json\/wp\/v2\/posts\/8277","targetHints":{"allow":["GET"]}}],"collection":[{"href":"https:\/\/salvadoracontece.com.br\/index.php\/wp-json\/wp\/v2\/posts"}],"about":[{"href":"https:\/\/salvadoracontece.com.br\/index.php\/wp-json\/wp\/v2\/types\/post"}],"author":[{"embeddable":true,"href":"https:\/\/salvadoracontece.com.br\/index.php\/wp-json\/wp\/v2\/users\/2"}],"replies":[{"embeddable":true,"href":"https:\/\/salvadoracontece.com.br\/index.php\/wp-json\/wp\/v2\/comments?post=8277"}],"version-history":[{"count":1,"href":"https:\/\/salvadoracontece.com.br\/index.php\/wp-json\/wp\/v2\/posts\/8277\/revisions"}],"predecessor-version":[{"id":8279,"href":"https:\/\/salvadoracontece.com.br\/index.php\/wp-json\/wp\/v2\/posts\/8277\/revisions\/8279"}],"wp:featuredmedia":[{"embeddable":true,"href":"https:\/\/salvadoracontece.com.br\/index.php\/wp-json\/wp\/v2\/media\/8278"}],"wp:attachment":[{"href":"https:\/\/salvadoracontece.com.br\/index.php\/wp-json\/wp\/v2\/media?parent=8277"}],"wp:term":[{"taxonomy":"category","embeddable":true,"href":"https:\/\/salvadoracontece.com.br\/index.php\/wp-json\/wp\/v2\/categories?post=8277"},{"taxonomy":"post_tag","embeddable":true,"href":"https:\/\/salvadoracontece.com.br\/index.php\/wp-json\/wp\/v2\/tags?post=8277"}],"curies":[{"name":"wp","href":"https:\/\/api.w.org\/{rel}","templated":true}]}}