{"id":8281,"date":"2024-02-19T13:59:58","date_gmt":"2024-02-19T16:59:58","guid":{"rendered":"https:\/\/salvadoracontece.com.br\/?p=8281"},"modified":"2024-02-19T14:00:00","modified_gmt":"2024-02-19T17:00:00","slug":"medico-e-encontrado-morto-dentro-de-apartamento-em-salvador","status":"publish","type":"post","link":"https:\/\/salvadoracontece.com.br\/index.php\/2024\/02\/19\/medico-e-encontrado-morto-dentro-de-apartamento-em-salvador\/","title":{"rendered":"M\u00e9dico \u00e9 encontrado morto dentro de apartamento em Salvador"},"content":{"rendered":"\n<p>Um jovem m\u00e9dico, identificado como Rafael Fernandes, foi encontrado morto em um apartamento no bairro de Alphaville, em Salvador. Rafael era filho de empres\u00e1rio e propriet\u00e1rio de uma rede de farm\u00e1cias em Itapetinga.<\/p>\n\n\n\n<p>O corpo do m\u00e9dico foi localizado na sexta-feira, 16, segundo as primeiras informa\u00e7\u00f5es sobre o caso. N\u00e3o h\u00e1 detalhes sobre o que teria acontecido com Rafael Fernandes. O Portal MASSA! entrou em contato com a Pol\u00edcia Civil da Bahia, respons\u00e1vel pela investiga\u00e7\u00e3o, mas at\u00e9 o fechamento desta mat\u00e9ria, n\u00e3o houve resposta.<\/p>\n\n\n\n<p>M\u00e9dico encontrado morto em Salvador era casado e herdeiro de farm\u00e1cia <\/p>\n\n\n\n<p>Muitas perguntas sobre a morte do m\u00e9dico Rafael Bonfim Carneiro, mais conhecido como Rafael Fernandes, continuam sem respostas. O profissional de sa\u00fade foi encontrado morto dentro de um apartamento no luxuoso bairro de Alphaville, em Salvador, na sexta-feira (16), e ainda n\u00e3o h\u00e1 informa\u00e7\u00f5es sobre o que teria causado o \u00f3bito.<\/p>\n\n\n\n<p><strong>Quem era Rafael Fernandes?<\/strong><\/p>\n\n\n\n<p>O m\u00e9dico, natural da cidade de Itapetinga, no centro-sul baiano, era filho do empres\u00e1rio Ant\u00f4nio Carneiro, conhecido como &#8220;Tonho da Farm\u00e1cia&#8221;, e herdeiro da rede de farm\u00e1cias Camac\u00e3 em Itapetinga. De acordo com o blog Itoror\u00f3 J\u00e1, ele tamb\u00e9m era sobrinho do ex-vereador de Itoror\u00f3, Biduinha.<\/p>\n\n\n\n<p>Vida nas redes sociais<\/p>\n\n\n\n<p>No Instagram, o m\u00e9dico Rafael Fernandes compartilhava detalhes sobre sua vida pessoal e profissional, mas de forma reservada em um perfil privado. Na biografia da rede social, ele anunciava que era casado e que trabalhava com emagrecimento e hipertrofia muscular.<\/p>\n\n\n\n<p><strong>Empresa da fam\u00edlia lamenta a morte<\/strong><\/p>\n\n\n\n<p>Ap\u00f3s receber a confirma\u00e7\u00e3o, a equipe da rede de farm\u00e1cias da fam\u00edlia de Rafael Fernandes publicou uma nota de pesar anunciando para os clientes o que havia acontecido com o herdeiro: &#8220;Com profundo pesar, lamentamos a partida prematura do Dr. Rafael Bonfim Carneiro, filho querido dos dedicados propriet\u00e1rios Ant\u00f4nio e Simone da Farm\u00e1cia Camac\u00e3. Sua gentileza, profissionalismo e calor humano deixam uma lacuna irrepar\u00e1vel em nossos cora\u00e7\u00f5es. Que sua mem\u00f3ria seja uma fonte de consolo e inspira\u00e7\u00e3o para todos n\u00f3s. Estendemos nossas sinceras condol\u00eancias \u00e0 fam\u00edlia e amigos neste momento de imensa tristeza.&#8221;<\/p>\n\n\n\n<p>Fonte: A Tarde <\/p>\n","protected":false},"excerpt":{"rendered":"<p>Um jovem m\u00e9dico, identificado como Rafael Fernandes, foi encontrado morto em um apartamento no bairro de Alphaville, em Salvador. Rafael era filho de empres\u00e1rio e propriet\u00e1rio de uma rede de farm\u00e1cias em Itapetinga. O corpo do m\u00e9dico foi localizado na sexta-feira, 16, segundo as primeiras informa\u00e7\u00f5es sobre o caso. N\u00e3o h\u00e1 detalhes sobre o que [&hellip;]<\/p>\n","protected":false},"author":2,"featured_media":8282,"comment_status":"open","ping_status":"open","sticky":false,"template":"","format":"standard","meta":{"footnotes":""},"categories":[85],"tags":[],"class_list":["post-8281","post","type-post","status-publish","format-standard","has-post-thumbnail","hentry","category-noticias"],"_links":{"self":[{"href":"https:\/\/salvadoracontece.com.br\/index.php\/wp-json\/wp\/v2\/posts\/8281","targetHints":{"allow":["GET"]}}],"collection":[{"href":"https:\/\/salvadoracontece.com.br\/index.php\/wp-json\/wp\/v2\/posts"}],"about":[{"href":"https:\/\/salvadoracontece.com.br\/index.php\/wp-json\/wp\/v2\/types\/post"}],"author":[{"embeddable":true,"href":"https:\/\/salvadoracontece.com.br\/index.php\/wp-json\/wp\/v2\/users\/2"}],"replies":[{"embeddable":true,"href":"https:\/\/salvadoracontece.com.br\/index.php\/wp-json\/wp\/v2\/comments?post=8281"}],"version-history":[{"count":1,"href":"https:\/\/salvadoracontece.com.br\/index.php\/wp-json\/wp\/v2\/posts\/8281\/revisions"}],"predecessor-version":[{"id":8283,"href":"https:\/\/salvadoracontece.com.br\/index.php\/wp-json\/wp\/v2\/posts\/8281\/revisions\/8283"}],"wp:featuredmedia":[{"embeddable":true,"href":"https:\/\/salvadoracontece.com.br\/index.php\/wp-json\/wp\/v2\/media\/8282"}],"wp:attachment":[{"href":"https:\/\/salvadoracontece.com.br\/index.php\/wp-json\/wp\/v2\/media?parent=8281"}],"wp:term":[{"taxonomy":"category","embeddable":true,"href":"https:\/\/salvadoracontece.com.br\/index.php\/wp-json\/wp\/v2\/categories?post=8281"},{"taxonomy":"post_tag","embeddable":true,"href":"https:\/\/salvadoracontece.com.br\/index.php\/wp-json\/wp\/v2\/tags?post=8281"}],"curies":[{"name":"wp","href":"https:\/\/api.w.org\/{rel}","templated":true}]}}