{"id":8284,"date":"2024-02-19T14:32:58","date_gmt":"2024-02-19T17:32:58","guid":{"rendered":"https:\/\/salvadoracontece.com.br\/?p=8284"},"modified":"2024-02-19T14:33:00","modified_gmt":"2024-02-19T17:33:00","slug":"ana-paula-situacao-mais-controlada-do-que-o-resto-do-brasil","status":"publish","type":"post","link":"https:\/\/salvadoracontece.com.br\/index.php\/2024\/02\/19\/ana-paula-situacao-mais-controlada-do-que-o-resto-do-brasil\/","title":{"rendered":"Ana Paula: \u201cSitua\u00e7\u00e3o mais controlada do que o resto do Brasil\u201d"},"content":{"rendered":"\n<p>Titular da Secretaria Municipal de Sa\u00fade, a vice-prefeita Ana Paula Matos (PDT) afirmou nesta segunda-feira, 19, que Salvador vive hoje uma situa\u00e7\u00e3o epidemiol\u00f3gica mais controlada do que o resto do Brasil, se tratando de dengue e demais doen\u00e7as transmitidas pelo mosquito Aedes aegypti.\u00a0<\/p>\n\n\n\n<p>Salvador, ao lado de Feira de Santana e Cama\u00e7ari, que receberam doses da vacina contra dengue na semana passada, aparecem\u00a0numa lista como munic\u00edpios com alta propor\u00e7\u00e3o da forma grave da dengue.<\/p>\n\n\n\n<p>Salvador aplicou, somente na \u00faltima sexta-feira, 16, um total de 780 doses da vacina contra dengue em adolescentes, p\u00fablico-alvo da primeira fase de imuniza\u00e7\u00e3o contra a doen\u00e7a. <\/p>\n\n\n\n<p>\u201cEstamos com a situa\u00e7\u00e3o epidemiol\u00f3gica muito mais controlada do que o resto do Brasil. Desde setembro do ano passado, n\u00f3s come\u00e7amos com a preven\u00e7\u00e3o. Fizemos um trabalho de abertura de im\u00f3veis abandonados, aplica\u00e7\u00e3o de inseticidas, mutir\u00f5es de limpeza, junto com a Sedur, com a Guarda, Limpurb. Hoje estamos com n\u00fameros de diminui\u00e7\u00e3o, relativos ao mesmo per\u00edodo do ano passado, de em m\u00e9dia 60%. Chikungunya, por exemplo, chegamos a reduzir quase 80%. \u00c9 importante que cada cidad\u00e3o mantenha sua casa protegida contra a \u00e1gua parada, ainda mais nesse per\u00edodo de chuva agora at\u00e9 abril. A secretaria de Sa\u00fade de Salvador est\u00e1 muito alerta, com trabalhadores de plant\u00e3o 24 horas para manter essa situa\u00e7\u00e3o epidemiol\u00f3gica controlada\u201d, afirmou Ana, durante inaugura\u00e7\u00e3o de uma escola municipal em Amaralina.<\/p>\n\n\n\n<p>Fonte: A Tarde <\/p>\n","protected":false},"excerpt":{"rendered":"<p>Titular da Secretaria Municipal de Sa\u00fade, a vice-prefeita Ana Paula Matos (PDT) afirmou nesta segunda-feira, 19, que Salvador vive hoje uma situa\u00e7\u00e3o epidemiol\u00f3gica mais controlada do que o resto do Brasil, se tratando de dengue e demais doen\u00e7as transmitidas pelo mosquito Aedes aegypti.\u00a0 Salvador, ao lado de Feira de Santana e Cama\u00e7ari, que receberam doses [&hellip;]<\/p>\n","protected":false},"author":2,"featured_media":8285,"comment_status":"open","ping_status":"open","sticky":false,"template":"","format":"standard","meta":{"footnotes":""},"categories":[91],"tags":[],"class_list":["post-8284","post","type-post","status-publish","format-standard","has-post-thumbnail","hentry","category-politica"],"_links":{"self":[{"href":"https:\/\/salvadoracontece.com.br\/index.php\/wp-json\/wp\/v2\/posts\/8284","targetHints":{"allow":["GET"]}}],"collection":[{"href":"https:\/\/salvadoracontece.com.br\/index.php\/wp-json\/wp\/v2\/posts"}],"about":[{"href":"https:\/\/salvadoracontece.com.br\/index.php\/wp-json\/wp\/v2\/types\/post"}],"author":[{"embeddable":true,"href":"https:\/\/salvadoracontece.com.br\/index.php\/wp-json\/wp\/v2\/users\/2"}],"replies":[{"embeddable":true,"href":"https:\/\/salvadoracontece.com.br\/index.php\/wp-json\/wp\/v2\/comments?post=8284"}],"version-history":[{"count":1,"href":"https:\/\/salvadoracontece.com.br\/index.php\/wp-json\/wp\/v2\/posts\/8284\/revisions"}],"predecessor-version":[{"id":8286,"href":"https:\/\/salvadoracontece.com.br\/index.php\/wp-json\/wp\/v2\/posts\/8284\/revisions\/8286"}],"wp:featuredmedia":[{"embeddable":true,"href":"https:\/\/salvadoracontece.com.br\/index.php\/wp-json\/wp\/v2\/media\/8285"}],"wp:attachment":[{"href":"https:\/\/salvadoracontece.com.br\/index.php\/wp-json\/wp\/v2\/media?parent=8284"}],"wp:term":[{"taxonomy":"category","embeddable":true,"href":"https:\/\/salvadoracontece.com.br\/index.php\/wp-json\/wp\/v2\/categories?post=8284"},{"taxonomy":"post_tag","embeddable":true,"href":"https:\/\/salvadoracontece.com.br\/index.php\/wp-json\/wp\/v2\/tags?post=8284"}],"curies":[{"name":"wp","href":"https:\/\/api.w.org\/{rel}","templated":true}]}}