{"id":8287,"date":"2024-02-19T15:25:36","date_gmt":"2024-02-19T18:25:36","guid":{"rendered":"https:\/\/salvadoracontece.com.br\/?p=8287"},"modified":"2024-02-19T15:25:38","modified_gmt":"2024-02-19T18:25:38","slug":"apos-troca-de-tecnico-jacobina-anuncia-saida-de-executivo-de-futebol","status":"publish","type":"post","link":"https:\/\/salvadoracontece.com.br\/index.php\/2024\/02\/19\/apos-troca-de-tecnico-jacobina-anuncia-saida-de-executivo-de-futebol\/","title":{"rendered":"Ap\u00f3s troca de t\u00e9cnico, Jacobina anuncia sa\u00edda de executivo de futebol"},"content":{"rendered":"\n<p>Em busca de uma rea\u00e7\u00e3o para evitar o rebaixamento no Campeonato Baiano faltando duas rodadas, o Jacobina continuou fazendo mudan\u00e7as no seu departamento de futebol. Ap\u00f3s trocar o treinador, o Jegue da Chapada anunciou a sa\u00edda do executivo de futebol Vitor Faustino.<\/p>\n\n\n\n<p>&#8220;O executivo de futebol Vitor Faustino tamb\u00e9m est\u00e1 de sa\u00edda do Jacobina Esporte Clube. Agradecemos ao profissional pelos servi\u00e7os prestados e desejamos sucesso ao longo de sua carreira&#8221;, diz o comunicado do clube.<\/p>\n\n\n\n<p>Na tarde do \u00faltimo s\u00e1bado (17), o Jegue da Chapada perdeu para a Juazeirense por 2 a 1, no Est\u00e1dio Adauto Moraes, pela s\u00e9tima rodada do estadual. Durante a madrugada de domingo (18), o clube demitiu o t\u00e9cnico Alex Alves e cerca de uma hora depois, anunciou o retorno de Augusto Fassina, treinador da campanha de acesso na S\u00e9rie B do Baiano de 2023. Enquanto no in\u00edcio da tarde, informou a sa\u00edda de Faustino.<\/p>\n\n\n\n<p>O Jacobina ocupa a s\u00e9tima coloca\u00e7\u00e3o na tabela de classifica\u00e7\u00e3o com oito pontos, dois a mais da zona de rebaixamento, que \u00e9 aberta pelo Itabuna, em nono lugar. O Atl\u00e9tico de Alagoinhas \u00e9 o lanterna com cinco. No pr\u00f3ximo s\u00e1bado (24), \u00e0s 16h, o Jegue da Chapada encara o Jacuipense, na Arena Valfred\u00e3o, pela oitava rodada. No dia 3 de mar\u00e7o, um domingo, no mesmo hor\u00e1rio, o time faz o \u00faltimo jogo da primeira fase recebendo a visita do Jequi\u00e9, que foi o campe\u00e3o da S\u00e9rie B ano passado, no Jos\u00e9 Rocha.<\/p>\n\n\n\n<p>Fonte: Bahia Not\u00edcias <\/p>\n","protected":false},"excerpt":{"rendered":"<p>Em busca de uma rea\u00e7\u00e3o para evitar o rebaixamento no Campeonato Baiano faltando duas rodadas, o Jacobina continuou fazendo mudan\u00e7as no seu departamento de futebol. Ap\u00f3s trocar o treinador, o Jegue da Chapada anunciou a sa\u00edda do executivo de futebol Vitor Faustino. &#8220;O executivo de futebol Vitor Faustino tamb\u00e9m est\u00e1 de sa\u00edda do Jacobina Esporte [&hellip;]<\/p>\n","protected":false},"author":2,"featured_media":8288,"comment_status":"open","ping_status":"open","sticky":false,"template":"","format":"standard","meta":{"footnotes":""},"categories":[89],"tags":[],"class_list":["post-8287","post","type-post","status-publish","format-standard","has-post-thumbnail","hentry","category-esportes"],"_links":{"self":[{"href":"https:\/\/salvadoracontece.com.br\/index.php\/wp-json\/wp\/v2\/posts\/8287","targetHints":{"allow":["GET"]}}],"collection":[{"href":"https:\/\/salvadoracontece.com.br\/index.php\/wp-json\/wp\/v2\/posts"}],"about":[{"href":"https:\/\/salvadoracontece.com.br\/index.php\/wp-json\/wp\/v2\/types\/post"}],"author":[{"embeddable":true,"href":"https:\/\/salvadoracontece.com.br\/index.php\/wp-json\/wp\/v2\/users\/2"}],"replies":[{"embeddable":true,"href":"https:\/\/salvadoracontece.com.br\/index.php\/wp-json\/wp\/v2\/comments?post=8287"}],"version-history":[{"count":1,"href":"https:\/\/salvadoracontece.com.br\/index.php\/wp-json\/wp\/v2\/posts\/8287\/revisions"}],"predecessor-version":[{"id":8289,"href":"https:\/\/salvadoracontece.com.br\/index.php\/wp-json\/wp\/v2\/posts\/8287\/revisions\/8289"}],"wp:featuredmedia":[{"embeddable":true,"href":"https:\/\/salvadoracontece.com.br\/index.php\/wp-json\/wp\/v2\/media\/8288"}],"wp:attachment":[{"href":"https:\/\/salvadoracontece.com.br\/index.php\/wp-json\/wp\/v2\/media?parent=8287"}],"wp:term":[{"taxonomy":"category","embeddable":true,"href":"https:\/\/salvadoracontece.com.br\/index.php\/wp-json\/wp\/v2\/categories?post=8287"},{"taxonomy":"post_tag","embeddable":true,"href":"https:\/\/salvadoracontece.com.br\/index.php\/wp-json\/wp\/v2\/tags?post=8287"}],"curies":[{"name":"wp","href":"https:\/\/api.w.org\/{rel}","templated":true}]}}