{"id":8300,"date":"2024-02-20T11:18:21","date_gmt":"2024-02-20T14:18:21","guid":{"rendered":"https:\/\/salvadoracontece.com.br\/?p=8300"},"modified":"2024-02-20T11:18:22","modified_gmt":"2024-02-20T14:18:22","slug":"leo-conde-diz-que-luan-deve-ser-relacionado-contra-o-nautico-na-quarta-21","status":"publish","type":"post","link":"https:\/\/salvadoracontece.com.br\/index.php\/2024\/02\/20\/leo-conde-diz-que-luan-deve-ser-relacionado-contra-o-nautico-na-quarta-21\/","title":{"rendered":"L\u00e9o Cond\u00e9 diz que Luan deve ser relacionado contra o N\u00e1utico na quarta (21)"},"content":{"rendered":"\n<p>Em entrevista coletiva ap\u00f3s vit\u00f3ria contra o Bahia no cl\u00e1ssico Ba-Vi, do \u00faltimo domingo (18), o t\u00e9cnico L\u00e9o Cond\u00e9 comentou sobre o atleta Luan, contrata\u00e7\u00e3o mais badalada do Le\u00e3o para a temporada 2024. Segundo Cond\u00e9, o meia dever\u00e1 ser relacionado pela primeira vez para a partida contra o N\u00e1utico, na pr\u00f3xima quarta-feira (21), \u00e0s 19h, no Barrad\u00e3o, pela 4\u00aa rodada da fase de grupos da Copa do Nordeste.<\/p>\n\n\n\n<p>\u201dO Luan chegou um pouco abaixo fisicamente. Foi tra\u00e7ado um trabalho com ele junto com o departamento de fisiologia junto com a prepara\u00e7\u00e3o f\u00edsica. No primeiro momento, ele fez um trabalho baseado no aspecto f\u00edsico e come\u00e7ou a trabalhar com bola nos \u00faltimos 10 dias. A perspectiva que a gente tra\u00e7ou \u00e9 dele, talvez, participar da pr\u00f3xima partida contra o N\u00e1utico. O tempo a gente ainda vai analisar e a\u00ed a sequ\u00eancia vai depender daquilo que ele mostrar nos treinamentos, nos jogos, mas provavelmente, na quarta-feira, o Luan deve ser relacionado\u201d, explicou o t\u00e9cnico rubro-negro.<\/p>\n\n\n\n<p>Luan est\u00e1 com 30 anos e chegou ao Vit\u00f3ria ap\u00f3s passagem pelo Gr\u00eamio em 2023. O meia foi campe\u00e3o da Libertadores e eleito &#8220;Rei da Am\u00e9rica\u201d quando atuou no tricolor ga\u00facho em 2017.<\/p>\n\n\n\n<p>O Vit\u00f3ria ocupa a 5\u00aa coloca\u00e7\u00e3o do seu grupo da Copa do Nordeste, com quatro pontos. No Campeonato Baiano, a equipe est\u00e1 na 3\u00aa coloca\u00e7\u00e3o e possui\u00a013 pontos.<\/p>\n\n\n\n<p>Fonte: Varela Net <\/p>\n","protected":false},"excerpt":{"rendered":"<p>Em entrevista coletiva ap\u00f3s vit\u00f3ria contra o Bahia no cl\u00e1ssico Ba-Vi, do \u00faltimo domingo (18), o t\u00e9cnico L\u00e9o Cond\u00e9 comentou sobre o atleta Luan, contrata\u00e7\u00e3o mais badalada do Le\u00e3o para a temporada 2024. Segundo Cond\u00e9, o meia dever\u00e1 ser relacionado pela primeira vez para a partida contra o N\u00e1utico, na pr\u00f3xima quarta-feira (21), \u00e0s 19h, [&hellip;]<\/p>\n","protected":false},"author":2,"featured_media":8301,"comment_status":"open","ping_status":"open","sticky":false,"template":"","format":"standard","meta":{"footnotes":""},"categories":[89],"tags":[],"class_list":["post-8300","post","type-post","status-publish","format-standard","has-post-thumbnail","hentry","category-esportes"],"_links":{"self":[{"href":"https:\/\/salvadoracontece.com.br\/index.php\/wp-json\/wp\/v2\/posts\/8300","targetHints":{"allow":["GET"]}}],"collection":[{"href":"https:\/\/salvadoracontece.com.br\/index.php\/wp-json\/wp\/v2\/posts"}],"about":[{"href":"https:\/\/salvadoracontece.com.br\/index.php\/wp-json\/wp\/v2\/types\/post"}],"author":[{"embeddable":true,"href":"https:\/\/salvadoracontece.com.br\/index.php\/wp-json\/wp\/v2\/users\/2"}],"replies":[{"embeddable":true,"href":"https:\/\/salvadoracontece.com.br\/index.php\/wp-json\/wp\/v2\/comments?post=8300"}],"version-history":[{"count":1,"href":"https:\/\/salvadoracontece.com.br\/index.php\/wp-json\/wp\/v2\/posts\/8300\/revisions"}],"predecessor-version":[{"id":8302,"href":"https:\/\/salvadoracontece.com.br\/index.php\/wp-json\/wp\/v2\/posts\/8300\/revisions\/8302"}],"wp:featuredmedia":[{"embeddable":true,"href":"https:\/\/salvadoracontece.com.br\/index.php\/wp-json\/wp\/v2\/media\/8301"}],"wp:attachment":[{"href":"https:\/\/salvadoracontece.com.br\/index.php\/wp-json\/wp\/v2\/media?parent=8300"}],"wp:term":[{"taxonomy":"category","embeddable":true,"href":"https:\/\/salvadoracontece.com.br\/index.php\/wp-json\/wp\/v2\/categories?post=8300"},{"taxonomy":"post_tag","embeddable":true,"href":"https:\/\/salvadoracontece.com.br\/index.php\/wp-json\/wp\/v2\/tags?post=8300"}],"curies":[{"name":"wp","href":"https:\/\/api.w.org\/{rel}","templated":true}]}}