{"id":8303,"date":"2024-02-20T11:33:37","date_gmt":"2024-02-20T14:33:37","guid":{"rendered":"https:\/\/salvadoracontece.com.br\/?p=8303"},"modified":"2024-02-20T11:33:39","modified_gmt":"2024-02-20T14:33:39","slug":"suspeito-de-trafico-de-drogas-e-preso-no-interior-da-bahia","status":"publish","type":"post","link":"https:\/\/salvadoracontece.com.br\/index.php\/2024\/02\/20\/suspeito-de-trafico-de-drogas-e-preso-no-interior-da-bahia\/","title":{"rendered":"Suspeito de tr\u00e1fico de drogas \u00e9 preso no interior da Bahia"},"content":{"rendered":"\n<p>Um homem, de 38 anos, investigado por adultera\u00e7\u00e3o veicular e envolvimento com o tr\u00e1fico de drogas, foi preso em flagrante, na manh\u00e3 desta ter\u00e7a-feira, 20, com uma motocicleta com chassi e motor adulterados e um rev\u00f3lver calibre 32, municiado, por policiais da Delegacia Territorial (DT) de Igua\u00ed.<\/p>\n\n\n\n<p>De acordo com a Pol\u00edcia Civil, o ve\u00edculo estava estacionado na porta da casa do suspeito, localizada na Rua Fulg\u00eancio Teixeira, no centro de Igua\u00ed. J\u00e1 a arma e as seis muni\u00e7\u00f5es foram encontradas dentro da resid\u00eancia. \u201cEle alegou que comprou a moto, mas n\u00e3o verificou o documento. J\u00e1 o rev\u00f3lver, disse que havia trocado por uma arma de press\u00e3o e que seria para sua defesa pessoal\u201d, informou o titular da DT\/Igua\u00ed, delegado Shangai Ramos.<\/p>\n\n\n\n<p>\u201cVamos apurar todas as informa\u00e7\u00f5es passadas pelo suspeito, que foi autuado pelos crimes de adultera\u00e7\u00e3o de sinal identificador de ve\u00edculo automotor e posse irregular de arma de fogo\u201d, acrescentou o delegado. O homem foi submetido ao exame de les\u00e3o corporal e est\u00e1 \u00e0 disposi\u00e7\u00e3o da Justi\u00e7a.<\/p>\n\n\n\n<figure class=\"wp-block-image\"><img decoding=\"async\" src=\"https:\/\/cdn.atarde.com.br\/img\/inline\/1250000\/0x0\/Suspeito-de-trafico-de-drogas-e-preso-no-interior-0125974200202402201122.webp?fallback=https%3A%2F%2Fcdn.atarde.com.br%2Fimg%2Finline%2F1250000%2FSuspeito-de-trafico-de-drogas-e-preso-no-interior-0125974200202402201122.jpg%3Fxid%3D6121901&amp;xid=6121901\" alt=\"O homem foi submetido ao exame de les\u00e3o corporal e est\u00e1 \u00e0 disposi\u00e7\u00e3o da Justi\u00e7a\"\/><\/figure>\n\n\n\n<p>Fonte: A Tarde <\/p>\n","protected":false},"excerpt":{"rendered":"<p>Um homem, de 38 anos, investigado por adultera\u00e7\u00e3o veicular e envolvimento com o tr\u00e1fico de drogas, foi preso em flagrante, na manh\u00e3 desta ter\u00e7a-feira, 20, com uma motocicleta com chassi e motor adulterados e um rev\u00f3lver calibre 32, municiado, por policiais da Delegacia Territorial (DT) de Igua\u00ed. De acordo com a Pol\u00edcia Civil, o ve\u00edculo [&hellip;]<\/p>\n","protected":false},"author":2,"featured_media":8304,"comment_status":"open","ping_status":"open","sticky":false,"template":"","format":"standard","meta":{"footnotes":""},"categories":[105],"tags":[],"class_list":["post-8303","post","type-post","status-publish","format-standard","has-post-thumbnail","hentry","category-policia"],"_links":{"self":[{"href":"https:\/\/salvadoracontece.com.br\/index.php\/wp-json\/wp\/v2\/posts\/8303","targetHints":{"allow":["GET"]}}],"collection":[{"href":"https:\/\/salvadoracontece.com.br\/index.php\/wp-json\/wp\/v2\/posts"}],"about":[{"href":"https:\/\/salvadoracontece.com.br\/index.php\/wp-json\/wp\/v2\/types\/post"}],"author":[{"embeddable":true,"href":"https:\/\/salvadoracontece.com.br\/index.php\/wp-json\/wp\/v2\/users\/2"}],"replies":[{"embeddable":true,"href":"https:\/\/salvadoracontece.com.br\/index.php\/wp-json\/wp\/v2\/comments?post=8303"}],"version-history":[{"count":1,"href":"https:\/\/salvadoracontece.com.br\/index.php\/wp-json\/wp\/v2\/posts\/8303\/revisions"}],"predecessor-version":[{"id":8305,"href":"https:\/\/salvadoracontece.com.br\/index.php\/wp-json\/wp\/v2\/posts\/8303\/revisions\/8305"}],"wp:featuredmedia":[{"embeddable":true,"href":"https:\/\/salvadoracontece.com.br\/index.php\/wp-json\/wp\/v2\/media\/8304"}],"wp:attachment":[{"href":"https:\/\/salvadoracontece.com.br\/index.php\/wp-json\/wp\/v2\/media?parent=8303"}],"wp:term":[{"taxonomy":"category","embeddable":true,"href":"https:\/\/salvadoracontece.com.br\/index.php\/wp-json\/wp\/v2\/categories?post=8303"},{"taxonomy":"post_tag","embeddable":true,"href":"https:\/\/salvadoracontece.com.br\/index.php\/wp-json\/wp\/v2\/tags?post=8303"}],"curies":[{"name":"wp","href":"https:\/\/api.w.org\/{rel}","templated":true}]}}