{"id":8306,"date":"2024-02-20T11:57:15","date_gmt":"2024-02-20T14:57:15","guid":{"rendered":"https:\/\/salvadoracontece.com.br\/?p=8306"},"modified":"2024-02-20T11:57:17","modified_gmt":"2024-02-20T14:57:17","slug":"jorge-araujo-volta-a-falar-sobre-saida-da-record-bahia-confusao-formada","status":"publish","type":"post","link":"https:\/\/salvadoracontece.com.br\/index.php\/2024\/02\/20\/jorge-araujo-volta-a-falar-sobre-saida-da-record-bahia-confusao-formada\/","title":{"rendered":"Jorge Ara\u00fajo volta a falar sobre sa\u00edda da Record Bahia: &#8220;Confus\u00e3o formada&#8221;"},"content":{"rendered":"\n<p>O jornalista Jorge Ara\u00fajo, ex-rep\u00f3rter da Record Bahia, usou as redes sociais para esclarecer a\u00a0sa\u00edda da emissora pela segunda vez em menos de um ano.<\/p>\n\n\n\n<p>Readmitido em mar\u00e7o de 2023, o rep\u00f3rter, que ficou conhecido pelo p\u00fablico pela irrever\u00eancia em tela, anunciou a sa\u00edda da emissora na \u00faltima sexta-feira (16) e levantou suspeitas sobre o que teria motivado o desligamento.<\/p>\n\n\n\n<p>&#8220;Que bafaf\u00e1 hein? Que confus~\u00e7ao formada. Mais uma vez fui surpeendido pela minha demiss\u00e3o, na \u00faltima sexta-feira. Deixei para falar hjoje. Passei o meu final de semana com a minha fam\u00edlia refletindo e assim velho, \u00e9 vida que segue sabe, vou seguir o meu caminho, seguir o meu rumo que eu tenho f\u00e9 em Deus que vai dar tudo certo, j\u00e1 deu. Inclusive, conto com seu apoio. Sei l\u00e1 se foi para apagar inc\u00eandio, n\u00e3o sei qual foi do meu retorno para a Record. mas \u00e9 isso mesmo, faz parte da vida&#8221;, disse. <\/p>\n\n\n\n<p>Fonte: Bahia Not\u00edcias <\/p>\n","protected":false},"excerpt":{"rendered":"<p>O jornalista Jorge Ara\u00fajo, ex-rep\u00f3rter da Record Bahia, usou as redes sociais para esclarecer a\u00a0sa\u00edda da emissora pela segunda vez em menos de um ano. Readmitido em mar\u00e7o de 2023, o rep\u00f3rter, que ficou conhecido pelo p\u00fablico pela irrever\u00eancia em tela, anunciou a sa\u00edda da emissora na \u00faltima sexta-feira (16) e levantou suspeitas sobre o [&hellip;]<\/p>\n","protected":false},"author":2,"featured_media":8307,"comment_status":"open","ping_status":"open","sticky":false,"template":"","format":"standard","meta":{"footnotes":""},"categories":[93],"tags":[],"class_list":["post-8306","post","type-post","status-publish","format-standard","has-post-thumbnail","hentry","category-entretenimento"],"_links":{"self":[{"href":"https:\/\/salvadoracontece.com.br\/index.php\/wp-json\/wp\/v2\/posts\/8306","targetHints":{"allow":["GET"]}}],"collection":[{"href":"https:\/\/salvadoracontece.com.br\/index.php\/wp-json\/wp\/v2\/posts"}],"about":[{"href":"https:\/\/salvadoracontece.com.br\/index.php\/wp-json\/wp\/v2\/types\/post"}],"author":[{"embeddable":true,"href":"https:\/\/salvadoracontece.com.br\/index.php\/wp-json\/wp\/v2\/users\/2"}],"replies":[{"embeddable":true,"href":"https:\/\/salvadoracontece.com.br\/index.php\/wp-json\/wp\/v2\/comments?post=8306"}],"version-history":[{"count":1,"href":"https:\/\/salvadoracontece.com.br\/index.php\/wp-json\/wp\/v2\/posts\/8306\/revisions"}],"predecessor-version":[{"id":8308,"href":"https:\/\/salvadoracontece.com.br\/index.php\/wp-json\/wp\/v2\/posts\/8306\/revisions\/8308"}],"wp:featuredmedia":[{"embeddable":true,"href":"https:\/\/salvadoracontece.com.br\/index.php\/wp-json\/wp\/v2\/media\/8307"}],"wp:attachment":[{"href":"https:\/\/salvadoracontece.com.br\/index.php\/wp-json\/wp\/v2\/media?parent=8306"}],"wp:term":[{"taxonomy":"category","embeddable":true,"href":"https:\/\/salvadoracontece.com.br\/index.php\/wp-json\/wp\/v2\/categories?post=8306"},{"taxonomy":"post_tag","embeddable":true,"href":"https:\/\/salvadoracontece.com.br\/index.php\/wp-json\/wp\/v2\/tags?post=8306"}],"curies":[{"name":"wp","href":"https:\/\/api.w.org\/{rel}","templated":true}]}}