{"id":8312,"date":"2024-02-20T14:21:19","date_gmt":"2024-02-20T17:21:19","guid":{"rendered":"https:\/\/salvadoracontece.com.br\/?p=8312"},"modified":"2024-02-20T14:21:21","modified_gmt":"2024-02-20T17:21:21","slug":"brasil-denuncia-israel-na-corte-internacional-de-haia","status":"publish","type":"post","link":"https:\/\/salvadoracontece.com.br\/index.php\/2024\/02\/20\/brasil-denuncia-israel-na-corte-internacional-de-haia\/","title":{"rendered":"Brasil denuncia Israel na Corte Internacional de Haia"},"content":{"rendered":"\n<p>Ap\u00f3s\u00a0falas de Lula\u00a0sobre a\u00e7\u00f5es de Israel e holocausto, que\u00a0abriram uma crise diplom\u00e1tica, governo brasileiro decidiu denunciar Israel \u00e0 Corte Internacional de Justi\u00e7a, em Haia, pela invas\u00e3o de territ\u00f3rios palestinos. A informa\u00e7\u00e3o \u00e9 do colunista do UOL, Jamil Chade.\u00a0<\/p>\n\n\n\n<p>De acordo com o colunista, a delega\u00e7\u00e3o brasileira do Itamaraty apontou que as ocupa\u00e7\u00f5es e viola\u00e7\u00f5es por parte de Israel em Gaz &#8220;n\u00e3o podem ser aceitas ou normalizadas pela comunidade internacional&#8221;.<\/p>\n\n\n\n<p>O governo ainda chamou os atos israelenses de &#8220;ilegais&#8221; e equivalente a uma &#8220;anexa\u00e7\u00e3o&#8221; e pediu que\u00a0&#8220;Israel deve colocar fim \u00e0 ocupa\u00e7\u00e3o da Palestina&#8221;. <\/p>\n\n\n\n<p>Para o Itamaraty, \u00e9 necess\u00e1rio que Haia se pronuncie para que &#8220;todos saibam&#8221; as implica\u00e7\u00f5es das consequ\u00eancias legais dos atos de Israel. O governo tamb\u00e9m apontou como a gravidade dos atos \u00e9 &#8220;indiscut\u00edvel&#8221;, segundo o colunista.<\/p>\n\n\n\n<p>Fonte: A Tarde <\/p>\n","protected":false},"excerpt":{"rendered":"<p>Ap\u00f3s\u00a0falas de Lula\u00a0sobre a\u00e7\u00f5es de Israel e holocausto, que\u00a0abriram uma crise diplom\u00e1tica, governo brasileiro decidiu denunciar Israel \u00e0 Corte Internacional de Justi\u00e7a, em Haia, pela invas\u00e3o de territ\u00f3rios palestinos. A informa\u00e7\u00e3o \u00e9 do colunista do UOL, Jamil Chade.\u00a0 De acordo com o colunista, a delega\u00e7\u00e3o brasileira do Itamaraty apontou que as ocupa\u00e7\u00f5es e viola\u00e7\u00f5es por [&hellip;]<\/p>\n","protected":false},"author":2,"featured_media":8313,"comment_status":"open","ping_status":"open","sticky":false,"template":"","format":"standard","meta":{"footnotes":""},"categories":[91],"tags":[],"class_list":["post-8312","post","type-post","status-publish","format-standard","has-post-thumbnail","hentry","category-politica"],"_links":{"self":[{"href":"https:\/\/salvadoracontece.com.br\/index.php\/wp-json\/wp\/v2\/posts\/8312","targetHints":{"allow":["GET"]}}],"collection":[{"href":"https:\/\/salvadoracontece.com.br\/index.php\/wp-json\/wp\/v2\/posts"}],"about":[{"href":"https:\/\/salvadoracontece.com.br\/index.php\/wp-json\/wp\/v2\/types\/post"}],"author":[{"embeddable":true,"href":"https:\/\/salvadoracontece.com.br\/index.php\/wp-json\/wp\/v2\/users\/2"}],"replies":[{"embeddable":true,"href":"https:\/\/salvadoracontece.com.br\/index.php\/wp-json\/wp\/v2\/comments?post=8312"}],"version-history":[{"count":1,"href":"https:\/\/salvadoracontece.com.br\/index.php\/wp-json\/wp\/v2\/posts\/8312\/revisions"}],"predecessor-version":[{"id":8314,"href":"https:\/\/salvadoracontece.com.br\/index.php\/wp-json\/wp\/v2\/posts\/8312\/revisions\/8314"}],"wp:featuredmedia":[{"embeddable":true,"href":"https:\/\/salvadoracontece.com.br\/index.php\/wp-json\/wp\/v2\/media\/8313"}],"wp:attachment":[{"href":"https:\/\/salvadoracontece.com.br\/index.php\/wp-json\/wp\/v2\/media?parent=8312"}],"wp:term":[{"taxonomy":"category","embeddable":true,"href":"https:\/\/salvadoracontece.com.br\/index.php\/wp-json\/wp\/v2\/categories?post=8312"},{"taxonomy":"post_tag","embeddable":true,"href":"https:\/\/salvadoracontece.com.br\/index.php\/wp-json\/wp\/v2\/tags?post=8312"}],"curies":[{"name":"wp","href":"https:\/\/api.w.org\/{rel}","templated":true}]}}