{"id":8333,"date":"2024-02-21T11:30:06","date_gmt":"2024-02-21T14:30:06","guid":{"rendered":"https:\/\/salvadoracontece.com.br\/?p=8333"},"modified":"2024-02-21T11:30:08","modified_gmt":"2024-02-21T14:30:08","slug":"vacinacao-contra-a-dengue-ja-imunizou-mais-de-2-mil-criancas-em-salvador","status":"publish","type":"post","link":"https:\/\/salvadoracontece.com.br\/index.php\/2024\/02\/21\/vacinacao-contra-a-dengue-ja-imunizou-mais-de-2-mil-criancas-em-salvador\/","title":{"rendered":"Vacina\u00e7\u00e3o contra a dengue j\u00e1 imunizou mais de 2 mil crian\u00e7as em Salvador"},"content":{"rendered":"\n<p>Desde o in\u00edcio da vacina\u00e7\u00e3o contra a dengue mais de 2 mil doses foram aplicadas em Salvador. Atualmente a cidade j\u00e1 contabiliza 552 casos prov\u00e1veis de dengue, n\u00famero que equivale ao per\u00edodo de 1\u00ba de janeiro, at\u00e9 19 de fevereiro de 2024. Contudo, o n\u00famero representa uma redu\u00e7\u00e3o de cerca de 40% das notifica\u00e7\u00f5es, quando comparado com o mesmo per\u00edodo do ano passado, quando foram registrados 935 casos.<\/p>\n\n\n\n<p>Moradora do bairro do Rio Vermelho, a cabeleireira Patr\u00edcia Lobo, de 41 anos, j\u00e1 levou a filha Ana Beatriz, de 10 anos, para se vacinar contra a dengue. A pequena recebeu a dose de imuniza\u00e7\u00e3o na segunda-feira (19), na Unidade B\u00e1sica de Sa\u00fade Clementino Fraga (5\u00ba Centro de Sa\u00fade), nos Barris, uma das 30 unidades da capital baiana que est\u00e3o ofertando a vacina no momento.<\/p>\n\n\n\n<p><em>\u201cJ\u00e1 que existe uma vacina que pode proteger, porque n\u00e3o vacinar? Os mosquitos est\u00e3o presentes em todos os lugares e precisamos tomar cuidado diariamente, at\u00e9 mesmo em casa\u201d<\/em>, disse Patr\u00edcia.<\/p>\n\n\n\n<p>O t\u00e9cnico em enfermagem Vicente Campos, de 53 anos, morador do Vale dos Lagos, tamb\u00e9m garantiu a imuniza\u00e7\u00e3o do pequeno Davi, de 10 anos, que desde os primeiros dias de vida nunca deixou de tomar nenhuma vacina.<\/p>\n\n\n\n<p><em>\u201cPrincipalmente n\u00f3s, que trabalhamos na \u00e1rea de sa\u00fade, sabemos a import\u00e2ncia das vacinas na preven\u00e7\u00e3o de doen\u00e7as. O Davi sempre tomou todas as doses, desde beb\u00ea, principalmente nas campanhas vacinais. A Prefeitura faz a parte dela, promovendo a vacina, e a gente faz a nossa parte se protegendo e protegendo a todos\u201d<\/em>, explica o profissional.<\/p>\n\n\n\n<p>A vacina\u00e7\u00e3o contra a dengue foi iniciada na capital baiana na \u00faltima quinta-feira (15), com mais de 50 mil doses dispon\u00edveis. O esquema prim\u00e1rio de imuniza\u00e7\u00e3o atualmente contempla os pr\u00e9-adolescentes entre 10 e 11 anos. No entanto, com o recebimento de novos lotes, o p\u00fablico ser\u00e1 ampliado gradativamente.<\/p>\n\n\n\n<p>A vice-prefeita e titular da Secretaria Municipal da Sa\u00fade (SMS), Ana Paula Matos, destaca a import\u00e2ncia da imuniza\u00e7\u00e3o no combate \u00e0 doen\u00e7a.&nbsp;<em>\u201cA inclus\u00e3o da vacina da dengue \u00e9 uma ferramenta de extrema import\u00e2ncia no SUS para se evitar casos graves da doen\u00e7a, principalmente \u00f3bitos. Com o avan\u00e7o da imuniza\u00e7\u00e3o, esperamos que a dengue seja classificada como mais uma doen\u00e7a imunopreven\u00edvel. No entanto, o enfrentamento contra o mosquito Aedes dever\u00e1 continuar sendo prioridade de cada cidad\u00e3o\u201d<\/em>, refor\u00e7ou a gestora.<\/p>\n\n\n\n<p><strong>Documenta\u00e7\u00e3o<\/strong><\/p>\n\n\n\n<p>Para receber a dose, no ato da vacina\u00e7\u00e3o deve ser apresentado um documento de identifica\u00e7\u00e3o com foto, al\u00e9m do Cart\u00e3o SUS de Salvador e a caderneta de vacina\u00e7\u00e3o. A aplica\u00e7\u00e3o ser\u00e1 feita somente na presen\u00e7a dos pais ou respons\u00e1vel legal, garantindo um acompanhamento adequado e a seguran\u00e7a das crian\u00e7as e adolescentes. Para a vacina\u00e7\u00e3o nas escolas, as crian\u00e7as dever\u00e3o portar documento de autoriza\u00e7\u00e3o dos pais e ou respons\u00e1veis.<\/p>\n\n\n\n<p>Confira as unidades de refer\u00eancia com distribui\u00e7\u00e3o do imunizante:<\/p>\n\n\n\n<p>&#8211; DISTRITO SANIT\u00c1RIO DE ITAPU\u00c3: USF Jos\u00e9 Mariane e USF Aristides Maltez.<\/p>\n\n\n\n<p>&#8211; DISTRITO SANIT\u00c1RIO SUB\u00daRBIO FERROVI\u00c1RIO: UBS Sergio Arouca, USF Beira Mangue, USF Colinas de Periperi, USF Ilha de Mar\u00e9, USF Paramana e USF Bom Jesus.<\/p>\n\n\n\n<p>&#8211; DISTRITO SANIT\u00c1RIO CABULA-BEIRU: UBS Pernambu\u00e9s, USF Estrada das Barreiras e USF Raimundo Agripino.<\/p>\n\n\n\n<p>&#8211; DISTRITO SANIT\u00c1RIO BARRA\/RIO VERMELHO: Clementino Fraga e Multicentro Amaralina.<\/p>\n\n\n\n<p>&#8211; DISTRITO SANIT\u00c1RIO LIBERDADE: 16\u00ba Centro de Sa\u00fade (UBS Maria Concei\u00e7\u00e3o Imbassahy).<\/p>\n\n\n\n<p>&#8211; DISTRITO SANIT\u00c1RIO S\u00c3O CAETANO-VAL\u00c9RIA: UBS Frei Benjamin, UBS Per\u00edcles Laranjeira e USF Piraj\u00e1<\/p>\n\n\n\n<p>&#8211; DISTRITO SANIT\u00c1RIO BOCA DO RIO: USF Imbu\u00ed.<\/p>\n\n\n\n<p>&#8211; DISTRITO SANIT\u00c1RIO PAU DA LIMA: USF Jo\u00e3o Roma, USF Gal Costa e USF S\u00e3o Marcos I.<\/p>\n\n\n\n<p>&#8211; DISTRITO SANIT\u00c1RIO BROTAS: UBS M\u00e1rio Andrea, USF Santa Luzia e USF Vale do Matatu.<\/p>\n\n\n\n<p>&#8211; DISTRITO SANIT\u00c1RIO CAJAZEIRAS: USF Cajazeiras V, USF Cajazeiras X e USF Cajazeiras XI.<\/p>\n\n\n\n<p>&#8211; DISTRITO SANIT\u00c1RIO ITAPAGIPE: UBS Ministro Alckimin e USF Joanes Leste.<\/p>\n\n\n\n<p>&#8211; DISTRITO SANIT\u00c1RIO CENTRO HIST\u00d3RICO: UBS Ramiro de Azevedo.<\/p>\n\n\n\n<p>Fonte: Varela Net <\/p>\n","protected":false},"excerpt":{"rendered":"<p>Desde o in\u00edcio da vacina\u00e7\u00e3o contra a dengue mais de 2 mil doses foram aplicadas em Salvador. Atualmente a cidade j\u00e1 contabiliza 552 casos prov\u00e1veis de dengue, n\u00famero que equivale ao per\u00edodo de 1\u00ba de janeiro, at\u00e9 19 de fevereiro de 2024. Contudo, o n\u00famero representa uma redu\u00e7\u00e3o de cerca de 40% das notifica\u00e7\u00f5es, quando [&hellip;]<\/p>\n","protected":false},"author":2,"featured_media":8334,"comment_status":"open","ping_status":"open","sticky":false,"template":"","format":"standard","meta":{"footnotes":""},"categories":[94],"tags":[],"class_list":["post-8333","post","type-post","status-publish","format-standard","has-post-thumbnail","hentry","category-saude-2"],"_links":{"self":[{"href":"https:\/\/salvadoracontece.com.br\/index.php\/wp-json\/wp\/v2\/posts\/8333","targetHints":{"allow":["GET"]}}],"collection":[{"href":"https:\/\/salvadoracontece.com.br\/index.php\/wp-json\/wp\/v2\/posts"}],"about":[{"href":"https:\/\/salvadoracontece.com.br\/index.php\/wp-json\/wp\/v2\/types\/post"}],"author":[{"embeddable":true,"href":"https:\/\/salvadoracontece.com.br\/index.php\/wp-json\/wp\/v2\/users\/2"}],"replies":[{"embeddable":true,"href":"https:\/\/salvadoracontece.com.br\/index.php\/wp-json\/wp\/v2\/comments?post=8333"}],"version-history":[{"count":1,"href":"https:\/\/salvadoracontece.com.br\/index.php\/wp-json\/wp\/v2\/posts\/8333\/revisions"}],"predecessor-version":[{"id":8335,"href":"https:\/\/salvadoracontece.com.br\/index.php\/wp-json\/wp\/v2\/posts\/8333\/revisions\/8335"}],"wp:featuredmedia":[{"embeddable":true,"href":"https:\/\/salvadoracontece.com.br\/index.php\/wp-json\/wp\/v2\/media\/8334"}],"wp:attachment":[{"href":"https:\/\/salvadoracontece.com.br\/index.php\/wp-json\/wp\/v2\/media?parent=8333"}],"wp:term":[{"taxonomy":"category","embeddable":true,"href":"https:\/\/salvadoracontece.com.br\/index.php\/wp-json\/wp\/v2\/categories?post=8333"},{"taxonomy":"post_tag","embeddable":true,"href":"https:\/\/salvadoracontece.com.br\/index.php\/wp-json\/wp\/v2\/tags?post=8333"}],"curies":[{"name":"wp","href":"https:\/\/api.w.org\/{rel}","templated":true}]}}