{"id":8336,"date":"2024-02-21T14:10:09","date_gmt":"2024-02-21T17:10:09","guid":{"rendered":"https:\/\/salvadoracontece.com.br\/?p=8336"},"modified":"2024-02-21T14:10:11","modified_gmt":"2024-02-21T17:10:11","slug":"nova-sede-do-cetep-de-dias-davila-e-inaugurada","status":"publish","type":"post","link":"https:\/\/salvadoracontece.com.br\/index.php\/2024\/02\/21\/nova-sede-do-cetep-de-dias-davila-e-inaugurada\/","title":{"rendered":"Nova sede do Cetep de Dias D\u2019\u00c1vila \u00e9 inaugurada"},"content":{"rendered":"\n<p>O novo Centro Territorial de Educa\u00e7\u00e3o Profissional (Cetep) de Dias D\u2019\u00c1vila foi inaugurado nesta quarta-feira (21). Com investimento de, aproximadamente, R$ 27 milh\u00f5es feitos pelo Governo do Estado \u2013 por meio da Secretaria de Educa\u00e7\u00e3o (SEC) e com obras executadas pela Companhia de Desenvolvimento Urbano (Conder) \u2013, o pr\u00e9dio possui 36 salas de aula, seis laborat\u00f3rios, piscina semiol\u00edmpica, teatro, restaurante estudantil, entre outros espa\u00e7os que asseguram a estrutura necess\u00e1ria para oferta de ensino regular, profissionalizante e de tempo integral. O governador Jer\u00f4nimo Rodrigues conduziu a inaugura\u00e7\u00e3o da 39\u00aa nova unidade do modelo a ser entregue no estado.<\/p>\n\n\n\n<p>\u201cN\u00f3s entregamos uma em Feira de Santana, uma em S\u00e3o Francisco do Conde, uma em Itaparica, e essa aqui \u00e9 a quarta escola em uma semana. N\u00f3s estamos entregando na semana justamente de in\u00edcio do ano letivo. A alegria \u00e9 muito grande porque a gente abre as portas de uma nova escola, mas com o significado muito forte. E, acima de tudo, para dizer que estamos entregando uma esperan\u00e7a, uma expectativa\u201d, declarou Jer\u00f4nimo.<\/p>\n\n\n\n<p>O governador destacou que a nova escola \u00e9 especial n\u00e3o s\u00f3 por ter uma estrutura maior e mais completa, mas por, tamb\u00e9m, dispor de um corpo docente qualificado. \u201c\u00c9 um pr\u00e9dio bonito, equipado, mas \u00e9 uma escola com quantidade grande de professores com licenciatura, com p\u00f3s-gradua\u00e7\u00e3o, com mestrado, doutorado, e n\u00f3s temos que valorizar. Eu espero que essa escola possa ajudar a garantir os sonhos dessa juventude, mas, acima de tudo, que ela tamb\u00e9m possa ser um espa\u00e7o de intera\u00e7\u00e3o com a comunidade, \u00e9 isso que eu tenho pedido. Que a rede municipal possa vir usar os equipamentos, que os grupos de idosos possam planejar e vir usar piscina, usar o campo, fazer um \u2018baba\u2019, um torneio\u201d, acrescentou.<\/p>\n\n\n\n<p>O governador conheceu os espa\u00e7os da nova unidade, com destaque para os equipamentos esportivos e os laborat\u00f3rios. Por ser um centro de educa\u00e7\u00e3o profissional, a unidade possui laborat\u00f3rios de Biologia\/Qu\u00edmica, Matem\u00e1tica\/F\u00edsica, Gest\u00e3o e Neg\u00f3cios, Seguran\u00e7a do Trabalho, Inform\u00e1tica e Manuten\u00e7\u00e3o e Montagem de Computadores, para assegurar a pr\u00e1tica dos estudantes.<\/p>\n\n\n\n<p>Maria Luiza Silva, aluna do segundo ano do curso de Log\u00edstica, contou como tem sido melhor estudar na nova estrutura.&nbsp; \u201c\u00c9 muito diferente porque, na antiga sede do Cetep, n\u00e3o tinha nenhum tipo de laborat\u00f3rio. Ent\u00e3o, isso aqui \u00e9 uma novidade para n\u00f3s, estudantes, e eu acredito que, com esses laborat\u00f3rios, a gente possa cada dia mais estar aprendendo de outra forma din\u00e2mica e com experi\u00eancias incr\u00edveis \u201d, avaliou.<\/p>\n\n\n\n<p>O Cetep de Dias D\u2019\u00c1vila re\u00fane, tamb\u00e9m, os alunos do Col\u00e9gio Estadual Dr. Lu\u00eds de Moura Bastos, contando com 1811 estudantes. \u201c\u00c9 uma escola que conta com quatro cursos de educa\u00e7\u00e3o profissional e, tamb\u00e9m, Ensino M\u00e9dio e cursos de tempo integral, al\u00e9m do EJA [Educa\u00e7\u00e3o de Jovens e Adultos]. Ent\u00e3o, a escola tem todas as ofertas e modalidades, acolhe o nosso estudante, garante o direito \u00e0 educa\u00e7\u00e3o em ampla estrutura, iluminada, climatizada. Acolhemos, tamb\u00e9m, o professor, com qualidade de trabalho. \u00c9 parte da nossa a\u00e7\u00e3o de valoriza\u00e7\u00e3o do professor, que n\u00e3o se esgota no reconhecimento financeiro do seu trabalho, na sa\u00fade do professor, mas, ainda, no ambiente adequado para o pleno desenvolvimento de trabalho\u201d, destacou a titular da SEC, Ad\u00e9lia Pinheiro.<\/p>\n\n\n\n<p>Fonte: Tribuna da Bahia <\/p>\n","protected":false},"excerpt":{"rendered":"<p>O novo Centro Territorial de Educa\u00e7\u00e3o Profissional (Cetep) de Dias D\u2019\u00c1vila foi inaugurado nesta quarta-feira (21). Com investimento de, aproximadamente, R$ 27 milh\u00f5es feitos pelo Governo do Estado \u2013 por meio da Secretaria de Educa\u00e7\u00e3o (SEC) e com obras executadas pela Companhia de Desenvolvimento Urbano (Conder) \u2013, o pr\u00e9dio possui 36 salas de aula, seis [&hellip;]<\/p>\n","protected":false},"author":2,"featured_media":8337,"comment_status":"open","ping_status":"open","sticky":false,"template":"","format":"standard","meta":{"footnotes":""},"categories":[85],"tags":[],"class_list":["post-8336","post","type-post","status-publish","format-standard","has-post-thumbnail","hentry","category-noticias"],"_links":{"self":[{"href":"https:\/\/salvadoracontece.com.br\/index.php\/wp-json\/wp\/v2\/posts\/8336","targetHints":{"allow":["GET"]}}],"collection":[{"href":"https:\/\/salvadoracontece.com.br\/index.php\/wp-json\/wp\/v2\/posts"}],"about":[{"href":"https:\/\/salvadoracontece.com.br\/index.php\/wp-json\/wp\/v2\/types\/post"}],"author":[{"embeddable":true,"href":"https:\/\/salvadoracontece.com.br\/index.php\/wp-json\/wp\/v2\/users\/2"}],"replies":[{"embeddable":true,"href":"https:\/\/salvadoracontece.com.br\/index.php\/wp-json\/wp\/v2\/comments?post=8336"}],"version-history":[{"count":1,"href":"https:\/\/salvadoracontece.com.br\/index.php\/wp-json\/wp\/v2\/posts\/8336\/revisions"}],"predecessor-version":[{"id":8338,"href":"https:\/\/salvadoracontece.com.br\/index.php\/wp-json\/wp\/v2\/posts\/8336\/revisions\/8338"}],"wp:featuredmedia":[{"embeddable":true,"href":"https:\/\/salvadoracontece.com.br\/index.php\/wp-json\/wp\/v2\/media\/8337"}],"wp:attachment":[{"href":"https:\/\/salvadoracontece.com.br\/index.php\/wp-json\/wp\/v2\/media?parent=8336"}],"wp:term":[{"taxonomy":"category","embeddable":true,"href":"https:\/\/salvadoracontece.com.br\/index.php\/wp-json\/wp\/v2\/categories?post=8336"},{"taxonomy":"post_tag","embeddable":true,"href":"https:\/\/salvadoracontece.com.br\/index.php\/wp-json\/wp\/v2\/tags?post=8336"}],"curies":[{"name":"wp","href":"https:\/\/api.w.org\/{rel}","templated":true}]}}