{"id":8351,"date":"2024-02-21T16:00:12","date_gmt":"2024-02-21T19:00:12","guid":{"rendered":"https:\/\/salvadoracontece.com.br\/?p=8351"},"modified":"2024-02-21T16:00:14","modified_gmt":"2024-02-21T19:00:14","slug":"empresario-e-preso-em-flagrante-em-salvador-por-maus-tratos-aos-pais","status":"publish","type":"post","link":"https:\/\/salvadoracontece.com.br\/index.php\/2024\/02\/21\/empresario-e-preso-em-flagrante-em-salvador-por-maus-tratos-aos-pais\/","title":{"rendered":"Empres\u00e1rio \u00e9 preso em flagrante em Salvador por maus tratos aos pais"},"content":{"rendered":"\n<p>Acusado de maus tratos, agress\u00f5es verbais e amea\u00e7as contra os pais idosos, um empres\u00e1rio de Salvador que atua no\u00a0setor de barracas de praia foi preso em flagrante na 14\u00aa Delegacia Territorial (DT\/Barra), na ter\u00e7a-feira (20). O homem, conhecido como F\u00e1bio Lacerda, da barraca Pipa, infringiu medidas protetivas a favor das v\u00edtimas, quando uma guarni\u00e7\u00e3o da Pol\u00edcia Militar foi acionada e o conduziu at\u00e9 a unidade.<\/p>\n\n\n\n<p>Conforme as investiga\u00e7\u00f5es da 14\u00aa DT \/ Barra, depois de diversas amea\u00e7as de agress\u00f5es f\u00edsicas e de morte contra os pais, a Pol\u00edcia Civil solicitou medida protetiva em favor das v\u00edtimas, em novembro de 2023, a qual foi decretada pelo Poder Judici\u00e1rio em 25 de janeiro deste ano, determinando que o homem mantivesse dist\u00e2ncia dos idosos.<\/p>\n\n\n\n<p>De acordo com a titular da 14\u00aa DT\/Barra, delegada Mariana Ouais, o acusado j\u00e1 tem um hist\u00f3rico de maus tratos contra os pais. \u201cExistem ocorr\u00eancias de amea\u00e7as registradas desde 2014, em que ele respondeu em liberdade. Entretanto, atualmente os pais encontram-se ainda mais vulner\u00e1veis, o que torna indispens\u00e1vel esse flagrante, bem como a pr\u00f3pria manuten\u00e7\u00e3o da pris\u00e3o\u201d, detalhou.<\/p>\n\n\n\n<p><strong><img decoding=\"async\" src=\"https:\/\/www.bahianoticias.com.br\/fotos\/principal_noticias\/289450\/mg\/fabio-lacerda-pipa-foto-instagram.jpg\" alt=\"\"><\/strong><\/p>\n\n\n\n<p>Al\u00e9m de maus tratos e amea\u00e7a, o homem ir\u00e1 responder pelo descumprimento de medida protetiva. \u201cEste crime \u00e9 inafian\u00e7\u00e1vel e j\u00e1 solicitamos a pris\u00e3o preventiva do autor\u201d, pontuou Mariana Ouais. Depois de passar por exames de les\u00f5es corporais, o acusado ficar\u00e1 \u00e0 disposi\u00e7\u00e3o da Justi\u00e7a.<\/p>\n\n\n\n<p>Fonte: Bahia Not\u00edcias <\/p>\n","protected":false},"excerpt":{"rendered":"<p>Acusado de maus tratos, agress\u00f5es verbais e amea\u00e7as contra os pais idosos, um empres\u00e1rio de Salvador que atua no\u00a0setor de barracas de praia foi preso em flagrante na 14\u00aa Delegacia Territorial (DT\/Barra), na ter\u00e7a-feira (20). O homem, conhecido como F\u00e1bio Lacerda, da barraca Pipa, infringiu medidas protetivas a favor das v\u00edtimas, quando uma guarni\u00e7\u00e3o da [&hellip;]<\/p>\n","protected":false},"author":2,"featured_media":8352,"comment_status":"open","ping_status":"open","sticky":false,"template":"","format":"standard","meta":{"footnotes":""},"categories":[105],"tags":[],"class_list":["post-8351","post","type-post","status-publish","format-standard","has-post-thumbnail","hentry","category-policia"],"_links":{"self":[{"href":"https:\/\/salvadoracontece.com.br\/index.php\/wp-json\/wp\/v2\/posts\/8351","targetHints":{"allow":["GET"]}}],"collection":[{"href":"https:\/\/salvadoracontece.com.br\/index.php\/wp-json\/wp\/v2\/posts"}],"about":[{"href":"https:\/\/salvadoracontece.com.br\/index.php\/wp-json\/wp\/v2\/types\/post"}],"author":[{"embeddable":true,"href":"https:\/\/salvadoracontece.com.br\/index.php\/wp-json\/wp\/v2\/users\/2"}],"replies":[{"embeddable":true,"href":"https:\/\/salvadoracontece.com.br\/index.php\/wp-json\/wp\/v2\/comments?post=8351"}],"version-history":[{"count":1,"href":"https:\/\/salvadoracontece.com.br\/index.php\/wp-json\/wp\/v2\/posts\/8351\/revisions"}],"predecessor-version":[{"id":8353,"href":"https:\/\/salvadoracontece.com.br\/index.php\/wp-json\/wp\/v2\/posts\/8351\/revisions\/8353"}],"wp:featuredmedia":[{"embeddable":true,"href":"https:\/\/salvadoracontece.com.br\/index.php\/wp-json\/wp\/v2\/media\/8352"}],"wp:attachment":[{"href":"https:\/\/salvadoracontece.com.br\/index.php\/wp-json\/wp\/v2\/media?parent=8351"}],"wp:term":[{"taxonomy":"category","embeddable":true,"href":"https:\/\/salvadoracontece.com.br\/index.php\/wp-json\/wp\/v2\/categories?post=8351"},{"taxonomy":"post_tag","embeddable":true,"href":"https:\/\/salvadoracontece.com.br\/index.php\/wp-json\/wp\/v2\/tags?post=8351"}],"curies":[{"name":"wp","href":"https:\/\/api.w.org\/{rel}","templated":true}]}}