{"id":8366,"date":"2024-02-22T10:46:14","date_gmt":"2024-02-22T13:46:14","guid":{"rendered":"https:\/\/salvadoracontece.com.br\/?p=8366"},"modified":"2024-02-22T10:46:16","modified_gmt":"2024-02-22T13:46:16","slug":"operacao-kariri-policia-federal-prende-cinco-pessoas-saiba-onde","status":"publish","type":"post","link":"https:\/\/salvadoracontece.com.br\/index.php\/2024\/02\/22\/operacao-kariri-policia-federal-prende-cinco-pessoas-saiba-onde\/","title":{"rendered":"Opera\u00e7\u00e3o Kariri: Pol\u00edcia Federal prende cinco pessoas; saiba onde"},"content":{"rendered":"\n<p>Na manh\u00e3 desta quarta-feira (21), a Pol\u00edcia Federal, com o apoio do GAECO\/MP-BA, deflagrou a Opera\u00e7\u00e3o Kariri para investigar uma organiza\u00e7\u00e3o criminosa envolvida em tr\u00e1fico de entorpecentes e lavagem de dinheiro na Bahia, S\u00e3o Paulo e Bras\u00edlia.<\/p>\n\n\n\n<p>A opera\u00e7\u00e3o que ainda est\u00e1 em andamento j\u00e1 prendeu tr\u00eas pessoas em Feira de Santana, 1 em S\u00e3o Paulo e 1 em Bras\u00edlia. A opera\u00e7\u00e3o identificou uma fam\u00edlia que saiu de Pernambuco vindo para Bahia, &nbsp;na cidade de Feira de Santana eles come\u00e7aram o &nbsp;plantio e cultivo il\u00edcito de maconha.<\/p>\n\n\n\n<p>O lucro obtido pela organiza\u00e7\u00e3o criminosa foi usado para comprar bens e im\u00f3veis de luxo, beneficiando toda a fam\u00edlia e os parentes pr\u00f3ximos que forneciam contas banc\u00e1rias para tentar ocultar o rastreio do dinheiro.&nbsp;<\/p>\n\n\n\n<p>At\u00e9 o momento foram expedidos sete mandados de pris\u00e3o, &nbsp;20 mandados de busca e apreens\u00e3o, bloqueio de contas banc\u00e1rias e im\u00f3veis, que podem totalizar R$ 50 milh\u00f5es. Dentre os itens est\u00e3o seis im\u00f3veis de alto padr\u00e3o e cinco fazendas, localizados na Bahia e em Pernambuco.<\/p>\n\n\n\n<p>Cerca de 100 policiais est\u00e3o participando da opera\u00e7\u00e3o que acontece nas cidades de Salvador-BA, Feira de Santana-BA, Am\u00e9rica Dourada-BA, Morpar\u00e1-BA, Ibitit\u00e1-BA, Muqu\u00e9m do S\u00e3o Francisco-BA, Bras\u00edlia-DF, Ibimirim-PE e S\u00e3o Paulo\/SP. Os envolvidos responder\u00e3o pelos crimes de tr\u00e1fico de entorpecentes, organiza\u00e7\u00e3o criminosa e Lavagem de Dinheiro.<\/p>\n\n\n\n<p>Fonte: Varela Net <\/p>\n","protected":false},"excerpt":{"rendered":"<p>Na manh\u00e3 desta quarta-feira (21), a Pol\u00edcia Federal, com o apoio do GAECO\/MP-BA, deflagrou a Opera\u00e7\u00e3o Kariri para investigar uma organiza\u00e7\u00e3o criminosa envolvida em tr\u00e1fico de entorpecentes e lavagem de dinheiro na Bahia, S\u00e3o Paulo e Bras\u00edlia. A opera\u00e7\u00e3o que ainda est\u00e1 em andamento j\u00e1 prendeu tr\u00eas pessoas em Feira de Santana, 1 em S\u00e3o [&hellip;]<\/p>\n","protected":false},"author":2,"featured_media":8368,"comment_status":"open","ping_status":"open","sticky":false,"template":"","format":"standard","meta":{"footnotes":""},"categories":[105],"tags":[],"class_list":["post-8366","post","type-post","status-publish","format-standard","has-post-thumbnail","hentry","category-policia"],"_links":{"self":[{"href":"https:\/\/salvadoracontece.com.br\/index.php\/wp-json\/wp\/v2\/posts\/8366","targetHints":{"allow":["GET"]}}],"collection":[{"href":"https:\/\/salvadoracontece.com.br\/index.php\/wp-json\/wp\/v2\/posts"}],"about":[{"href":"https:\/\/salvadoracontece.com.br\/index.php\/wp-json\/wp\/v2\/types\/post"}],"author":[{"embeddable":true,"href":"https:\/\/salvadoracontece.com.br\/index.php\/wp-json\/wp\/v2\/users\/2"}],"replies":[{"embeddable":true,"href":"https:\/\/salvadoracontece.com.br\/index.php\/wp-json\/wp\/v2\/comments?post=8366"}],"version-history":[{"count":1,"href":"https:\/\/salvadoracontece.com.br\/index.php\/wp-json\/wp\/v2\/posts\/8366\/revisions"}],"predecessor-version":[{"id":8369,"href":"https:\/\/salvadoracontece.com.br\/index.php\/wp-json\/wp\/v2\/posts\/8366\/revisions\/8369"}],"wp:featuredmedia":[{"embeddable":true,"href":"https:\/\/salvadoracontece.com.br\/index.php\/wp-json\/wp\/v2\/media\/8368"}],"wp:attachment":[{"href":"https:\/\/salvadoracontece.com.br\/index.php\/wp-json\/wp\/v2\/media?parent=8366"}],"wp:term":[{"taxonomy":"category","embeddable":true,"href":"https:\/\/salvadoracontece.com.br\/index.php\/wp-json\/wp\/v2\/categories?post=8366"},{"taxonomy":"post_tag","embeddable":true,"href":"https:\/\/salvadoracontece.com.br\/index.php\/wp-json\/wp\/v2\/tags?post=8366"}],"curies":[{"name":"wp","href":"https:\/\/api.w.org\/{rel}","templated":true}]}}