{"id":8370,"date":"2024-02-22T11:41:43","date_gmt":"2024-02-22T14:41:43","guid":{"rendered":"https:\/\/salvadoracontece.com.br\/?p=8370"},"modified":"2024-02-22T11:41:45","modified_gmt":"2024-02-22T14:41:45","slug":"dpu-recomenda-cameras-corporais-nas-buscas-a-fugitivos-de-mossoro","status":"publish","type":"post","link":"https:\/\/salvadoracontece.com.br\/index.php\/2024\/02\/22\/dpu-recomenda-cameras-corporais-nas-buscas-a-fugitivos-de-mossoro\/","title":{"rendered":"DPU recomenda c\u00e2meras corporais nas buscas a fugitivos de Mossor\u00f3"},"content":{"rendered":"\n<p>A Defensoria P\u00fablica da Uni\u00e3o (DPU) enviou dois of\u00edcios nesta ter\u00e7a-feira (20) ao juiz corregedor e ao diretor da Penitenci\u00e1ria Federal em Mossor\u00f3, no Rio Grande do Norte (RN), recomendando o uso de c\u00e2meras corporais por todos os agentes policiais envolvidos nas buscas pelos fugitivos do Pres\u00eddio Federal de Mossor\u00f3. A&nbsp;DPU&nbsp;tamb\u00e9m pediu a realiza\u00e7\u00e3o imediata de exame de corpo de delito e audi\u00eancia de cust\u00f3dia ap\u00f3s a captura.<\/p>\n\n\n\n<p>A&nbsp;DPU&nbsp;ainda sugeriu o uso das c\u00e2meras corporais no transporte dos custodiados de volta \u00e0 Penitenci\u00e1ria Federal e em eventual trajeto para realiza\u00e7\u00e3o do exame de corpo de delito e da audi\u00eancia, caso n\u00e3o sejam realizados esses procedimentos nas instala\u00e7\u00f5es da pr\u00f3pria unidade prisional.<\/p>\n\n\n\n<p>&#8220;Tais provid\u00eancias se fazem necess\u00e1rias para que sejam assegurados aos presos o respeito \u00e0 integridade f\u00edsica e moral, al\u00e9m do efetivo exerc\u00edcio da ampla defesa e do devido processo legal e do fundamento principal da nossa Rep\u00fablica Federativa, que \u00e9 a dignidade da pessoa humana&#8221;, destacam, no of\u00edcio, a defensora p\u00fablica-chefe da unidade da&nbsp;DPU&nbsp;em Mossor\u00f3, Rogena Ximenes, e a secret\u00e1ria de atua\u00e7\u00e3o no Sistema Prisional (SASP) da&nbsp;DPU, Let\u00edcia Torrano.<\/p>\n\n\n\n<p>Ximenes explica que o Estado \u00e9 respons\u00e1vel por garantir os direitos fundamentais daqueles que est\u00e3o foragidos.<\/p>\n\n\n\n<p>\u201cApesar de j\u00e1 terem senten\u00e7as definidas para cumprirem, a audi\u00eancia de cust\u00f3dia tem o papel de verificar se houve maus tratos, tortura ou qualquer dano \u00e0 integridade f\u00edsica e mental, al\u00e9m de certificar a regularidade da captura. Independentemente da repercuss\u00e3o criminal, o Estado deve proteger a vida dessas pessoas, mantendo a dignidade humana como princ\u00edpio primordial\u201d, destacou.<\/p>\n\n\n\n<p>Ela tamb\u00e9m pontua que os pedidos da&nbsp;DPU, em conformidade com a Lei Complementar n\u00ba 80 de 1994 e com a Constitui\u00e7\u00e3o Federal, refletem o compromisso com o Estado Democr\u00e1tico de Direito, o que quer dizer que, al\u00e9m da participa\u00e7\u00e3o democr\u00e1tica eleitoral, todos os cidad\u00e3os tem a real prote\u00e7\u00e3o e garantia efetiva dos direitos fundamentais e institui\u00e7\u00f5es que garantam o exerc\u00edcio dos direitos b\u00e1sicos, tais como integridade f\u00edsica, vida, sa\u00fade, entre outros.<\/p>\n\n\n\n<p>\u201cEmbora a pessoa presa fique privada de sua liberdade, n\u00e3o perde os demais direitos; e as institui\u00e7\u00f5es, sobretudo as que custodiam a liberdade, como as Penitenci\u00e1rias e as For\u00e7as Policiais, s\u00e3o obrigadas a respeitar a Constitui\u00e7\u00e3o, que garante tais direitos, podendo ser responsabilizados os entes e agentes p\u00fablicos em caso de omiss\u00e3o ou atua\u00e7\u00e3o irregular\u201d, conclui.<\/p>\n\n\n\n<p>Fonte: Tribuna da Bahia <\/p>\n","protected":false},"excerpt":{"rendered":"<p>A Defensoria P\u00fablica da Uni\u00e3o (DPU) enviou dois of\u00edcios nesta ter\u00e7a-feira (20) ao juiz corregedor e ao diretor da Penitenci\u00e1ria Federal em Mossor\u00f3, no Rio Grande do Norte (RN), recomendando o uso de c\u00e2meras corporais por todos os agentes policiais envolvidos nas buscas pelos fugitivos do Pres\u00eddio Federal de Mossor\u00f3. A&nbsp;DPU&nbsp;tamb\u00e9m pediu a realiza\u00e7\u00e3o imediata [&hellip;]<\/p>\n","protected":false},"author":2,"featured_media":8371,"comment_status":"open","ping_status":"open","sticky":false,"template":"","format":"standard","meta":{"footnotes":""},"categories":[85],"tags":[],"class_list":["post-8370","post","type-post","status-publish","format-standard","has-post-thumbnail","hentry","category-noticias"],"_links":{"self":[{"href":"https:\/\/salvadoracontece.com.br\/index.php\/wp-json\/wp\/v2\/posts\/8370","targetHints":{"allow":["GET"]}}],"collection":[{"href":"https:\/\/salvadoracontece.com.br\/index.php\/wp-json\/wp\/v2\/posts"}],"about":[{"href":"https:\/\/salvadoracontece.com.br\/index.php\/wp-json\/wp\/v2\/types\/post"}],"author":[{"embeddable":true,"href":"https:\/\/salvadoracontece.com.br\/index.php\/wp-json\/wp\/v2\/users\/2"}],"replies":[{"embeddable":true,"href":"https:\/\/salvadoracontece.com.br\/index.php\/wp-json\/wp\/v2\/comments?post=8370"}],"version-history":[{"count":1,"href":"https:\/\/salvadoracontece.com.br\/index.php\/wp-json\/wp\/v2\/posts\/8370\/revisions"}],"predecessor-version":[{"id":8372,"href":"https:\/\/salvadoracontece.com.br\/index.php\/wp-json\/wp\/v2\/posts\/8370\/revisions\/8372"}],"wp:featuredmedia":[{"embeddable":true,"href":"https:\/\/salvadoracontece.com.br\/index.php\/wp-json\/wp\/v2\/media\/8371"}],"wp:attachment":[{"href":"https:\/\/salvadoracontece.com.br\/index.php\/wp-json\/wp\/v2\/media?parent=8370"}],"wp:term":[{"taxonomy":"category","embeddable":true,"href":"https:\/\/salvadoracontece.com.br\/index.php\/wp-json\/wp\/v2\/categories?post=8370"},{"taxonomy":"post_tag","embeddable":true,"href":"https:\/\/salvadoracontece.com.br\/index.php\/wp-json\/wp\/v2\/tags?post=8370"}],"curies":[{"name":"wp","href":"https:\/\/api.w.org\/{rel}","templated":true}]}}