{"id":8376,"date":"2024-02-22T14:05:28","date_gmt":"2024-02-22T17:05:28","guid":{"rendered":"https:\/\/salvadoracontece.com.br\/?p=8376"},"modified":"2024-02-22T14:05:30","modified_gmt":"2024-02-22T17:05:30","slug":"vacinacao-contra-a-dengue-segue-nesta-quinta-feira-no-shopping-bela-vista-22","status":"publish","type":"post","link":"https:\/\/salvadoracontece.com.br\/index.php\/2024\/02\/22\/vacinacao-contra-a-dengue-segue-nesta-quinta-feira-no-shopping-bela-vista-22\/","title":{"rendered":"Vacina\u00e7\u00e3o contra a dengue segue nesta quinta-feira no Shopping Bela Vista (22)"},"content":{"rendered":"\n<p><span style=\"background-color: rgb(248, 250, 252); color: rgb(30, 41, 59); font-family: Murecho, ui-sans-serif, system-ui, -apple-system, BlinkMacSystemFont, &quot;Segoe UI&quot;, Roboto, &quot;Helvetica Neue&quot;, Arial, &quot;Noto Sans&quot;, sans-serif, &quot;Apple Color Emoji&quot;, &quot;Segoe UI Emoji&quot;, &quot;Segoe UI Symbol&quot;, &quot;Noto Color Emoji&quot;; font-size: 18px; text-align: justify; white-space-collapse: collapse;\">O Shopping Bela Vista segue, nesta quinta-feira (22), com o servi\u00e7o de imuniza\u00e7\u00e3o contra a dengue da Secretaria Municipal da Sa\u00fade (SMS). Essa primeira fase da vacina\u00e7\u00e3o na capital baiana contemplar\u00e1 com o esquema prim\u00e1rio os pr\u00e9-adolescentes entre 10 e 11 anos.<\/span><p style=\"box-sizing: border-box; border-width: 0px; border-color: rgba(var(--fuse-border-rgb),var(--tw-border-opacity)); border-image: initial; -webkit-tap-highlight-color: transparent; --tw-shadow: 0 0 #0000; --tw-ring-inset: var(--tw-empty,\/*!*\/ \/*!*\/); --tw-ring-offset-width: 0px; --tw-ring-offset-color: #fff; --tw-ring-color: rgba(59,130,246,.5); --tw-ring-offset-shadow: 0 0 #0000; --tw-ring-shadow: 0 0 #0000; margin: 1.33333em 0px; color: rgb(30, 41, 59); font-family: Murecho, ui-sans-serif, system-ui, -apple-system, BlinkMacSystemFont, &quot;Segoe UI&quot;, Roboto, &quot;Helvetica Neue&quot;, Arial, &quot;Noto Sans&quot;, sans-serif, &quot;Apple Color Emoji&quot;, &quot;Segoe UI Emoji&quot;, &quot;Segoe UI Symbol&quot;, &quot;Noto Color Emoji&quot;; font-size: 18px; white-space-collapse: collapse; background-color: rgb(248, 250, 252); text-align: justify; --tw-border-opacity: 1 !important;\">O servi\u00e7o ficar\u00e1 dispon\u00edvel das 8h \u00e0s 20h no posto fixo de vacina\u00e7\u00e3o do Bela, localizado no piso L1 Norte, ao lado dos Correios, onde tamb\u00e9m acontece a vacina\u00e7\u00e3o da bivalente contra a covid-19, para todos os p\u00fablicos.\u00a0Para receber a dose, deve ser apresentado documento de identifica\u00e7\u00e3o com foto, cart\u00e3o SUS de Salvador e caderneta de vacina\u00e7\u00e3o. Vale destacar que a aplica\u00e7\u00e3o ser\u00e1 feita somente na presen\u00e7a dos pais ou respons\u00e1vel legal, garantindo um acompanhamento adequado e a seguran\u00e7a das crian\u00e7as e adolescentes.<\/p><\/p>\n\n\n\n<p>Fonte: Tribuna da Bahia <\/p>\n","protected":false},"excerpt":{"rendered":"<p>O Shopping Bela Vista segue, nesta quinta-feira (22), com o servi\u00e7o de imuniza\u00e7\u00e3o contra a dengue da Secretaria Municipal da Sa\u00fade (SMS). Essa primeira fase da vacina\u00e7\u00e3o na capital baiana contemplar\u00e1 com o esquema prim\u00e1rio os pr\u00e9-adolescentes entre 10 e 11 anos. O servi\u00e7o ficar\u00e1 dispon\u00edvel das 8h \u00e0s 20h no posto fixo de vacina\u00e7\u00e3o [&hellip;]<\/p>\n","protected":false},"author":2,"featured_media":8377,"comment_status":"open","ping_status":"open","sticky":false,"template":"","format":"standard","meta":{"footnotes":""},"categories":[94],"tags":[],"class_list":["post-8376","post","type-post","status-publish","format-standard","has-post-thumbnail","hentry","category-saude-2"],"_links":{"self":[{"href":"https:\/\/salvadoracontece.com.br\/index.php\/wp-json\/wp\/v2\/posts\/8376","targetHints":{"allow":["GET"]}}],"collection":[{"href":"https:\/\/salvadoracontece.com.br\/index.php\/wp-json\/wp\/v2\/posts"}],"about":[{"href":"https:\/\/salvadoracontece.com.br\/index.php\/wp-json\/wp\/v2\/types\/post"}],"author":[{"embeddable":true,"href":"https:\/\/salvadoracontece.com.br\/index.php\/wp-json\/wp\/v2\/users\/2"}],"replies":[{"embeddable":true,"href":"https:\/\/salvadoracontece.com.br\/index.php\/wp-json\/wp\/v2\/comments?post=8376"}],"version-history":[{"count":1,"href":"https:\/\/salvadoracontece.com.br\/index.php\/wp-json\/wp\/v2\/posts\/8376\/revisions"}],"predecessor-version":[{"id":8378,"href":"https:\/\/salvadoracontece.com.br\/index.php\/wp-json\/wp\/v2\/posts\/8376\/revisions\/8378"}],"wp:featuredmedia":[{"embeddable":true,"href":"https:\/\/salvadoracontece.com.br\/index.php\/wp-json\/wp\/v2\/media\/8377"}],"wp:attachment":[{"href":"https:\/\/salvadoracontece.com.br\/index.php\/wp-json\/wp\/v2\/media?parent=8376"}],"wp:term":[{"taxonomy":"category","embeddable":true,"href":"https:\/\/salvadoracontece.com.br\/index.php\/wp-json\/wp\/v2\/categories?post=8376"},{"taxonomy":"post_tag","embeddable":true,"href":"https:\/\/salvadoracontece.com.br\/index.php\/wp-json\/wp\/v2\/tags?post=8376"}],"curies":[{"name":"wp","href":"https:\/\/api.w.org\/{rel}","templated":true}]}}