{"id":8379,"date":"2024-02-22T14:14:56","date_gmt":"2024-02-22T17:14:56","guid":{"rendered":"https:\/\/salvadoracontece.com.br\/?p=8379"},"modified":"2024-02-22T14:14:57","modified_gmt":"2024-02-22T17:14:57","slug":"advogado-de-empresario-fabio-pipa-diz-que-delegada-esta-mentindo","status":"publish","type":"post","link":"https:\/\/salvadoracontece.com.br\/index.php\/2024\/02\/22\/advogado-de-empresario-fabio-pipa-diz-que-delegada-esta-mentindo\/","title":{"rendered":"Advogado de empres\u00e1rio F\u00e1bio Pipa diz que delegada est\u00e1 &#8220;mentindo&#8221;"},"content":{"rendered":"\n<p>O advogado de defesa do empres\u00e1rio F\u00e1bio Lacerda Pipa,\u00a0Paulo Kleber Carneiro Carvalho Filho, negou que seu cliente tenha agredido os pais ou a irm\u00e3. F\u00e1bio \u00e9 acusado de maus tratos, agress\u00f5es verbais e amea\u00e7as contra os pais idosos. Ele oi preso ap\u00f3s descumprimento de uma medida protetiva mas foi liberado nesta quinta-feira, 22, em audi\u00eancia de cust\u00f3dia.\u00a0 <\/p>\n\n\n\n<p>\u201cPosso deixar bem claro aqui que F\u00e1bio nunca agrediu os pais e que Mariana (a irm\u00e3) sempre colocou os pais para que continuassem colocando processos e continuassem colocando queixas. Ent\u00e3o, a parte de manipula\u00e7\u00e3o de informa\u00e7\u00f5es eu deixo para voc\u00eas na imprensa. Mas eu, Paulo Kleber Carneiro Carvalho Filho, como advogado, digo que n\u00e3o tenho certeza se ela est\u00e1 manipulando ou n\u00e3o os pais, mas existe um indicativo sim que possa haver essa manipula\u00e7\u00e3o\u201d, disse.<\/p>\n\n\n\n<p>O advogado de F\u00e1bio ainda acusou a delegada Mariana Ouais, titular da 14\u00aa Delegacia Territorial da Barra, de mentir sobre o seu cliente. Paulo Kleber alega que seu F\u00e1bio Pipa n\u00e3o \u00e9 alvo de medida protetiva de urg\u00eancia, pois o caso n\u00e3o envolve a Lei Maria da Penha.<\/p>\n\n\n\n<p>\u201c\u00c9 mentira. Eu digo isso na cara de qualquer delegado que venha a levantar e suscitar isso. Doutora Mariana, pe\u00e7o at\u00e9 v\u00eania (desculpa) pra falar isso, eu sei que a senhora \u00e9 uma delegada que trabalha muito, mas a senhora est\u00e1 mentindo. N\u00e3o existe medida protetiva de urg\u00eancia. Medida protetiva de urg\u00eancia, lei Maria da Penha. Ou a senhora estava mal orientada, ou a senhora precisa voltar a estudar\u201d, disparou.<\/p>\n\n\n\n<p>Entretanto, a fala do advogado diverge do entendimento recente do Superior Tribunal de Justi\u00e7a (STJ) sobre o tema. O entendimento \u00e9 de que se a viol\u00eancia ocorre dentro de uma rela\u00e7\u00e3o \u00edntima de afeto, em ambiente dom\u00e9stico ou em fun\u00e7\u00e3o de algum v\u00ednculo familiar e \u00e9 praticada contra mulher, a Lei Maria da Penha \u00e9 aplicada. O STJ entende que a vulnerabilidade da mulher \u00e9 presumida.<\/p>\n\n\n\n<p>Fonte: A Tarde <\/p>\n","protected":false},"excerpt":{"rendered":"<p>O advogado de defesa do empres\u00e1rio F\u00e1bio Lacerda Pipa,\u00a0Paulo Kleber Carneiro Carvalho Filho, negou que seu cliente tenha agredido os pais ou a irm\u00e3. F\u00e1bio \u00e9 acusado de maus tratos, agress\u00f5es verbais e amea\u00e7as contra os pais idosos. Ele oi preso ap\u00f3s descumprimento de uma medida protetiva mas foi liberado nesta quinta-feira, 22, em audi\u00eancia [&hellip;]<\/p>\n","protected":false},"author":2,"featured_media":8380,"comment_status":"open","ping_status":"open","sticky":false,"template":"","format":"standard","meta":{"footnotes":""},"categories":[105],"tags":[],"class_list":["post-8379","post","type-post","status-publish","format-standard","has-post-thumbnail","hentry","category-policia"],"_links":{"self":[{"href":"https:\/\/salvadoracontece.com.br\/index.php\/wp-json\/wp\/v2\/posts\/8379","targetHints":{"allow":["GET"]}}],"collection":[{"href":"https:\/\/salvadoracontece.com.br\/index.php\/wp-json\/wp\/v2\/posts"}],"about":[{"href":"https:\/\/salvadoracontece.com.br\/index.php\/wp-json\/wp\/v2\/types\/post"}],"author":[{"embeddable":true,"href":"https:\/\/salvadoracontece.com.br\/index.php\/wp-json\/wp\/v2\/users\/2"}],"replies":[{"embeddable":true,"href":"https:\/\/salvadoracontece.com.br\/index.php\/wp-json\/wp\/v2\/comments?post=8379"}],"version-history":[{"count":1,"href":"https:\/\/salvadoracontece.com.br\/index.php\/wp-json\/wp\/v2\/posts\/8379\/revisions"}],"predecessor-version":[{"id":8381,"href":"https:\/\/salvadoracontece.com.br\/index.php\/wp-json\/wp\/v2\/posts\/8379\/revisions\/8381"}],"wp:featuredmedia":[{"embeddable":true,"href":"https:\/\/salvadoracontece.com.br\/index.php\/wp-json\/wp\/v2\/media\/8380"}],"wp:attachment":[{"href":"https:\/\/salvadoracontece.com.br\/index.php\/wp-json\/wp\/v2\/media?parent=8379"}],"wp:term":[{"taxonomy":"category","embeddable":true,"href":"https:\/\/salvadoracontece.com.br\/index.php\/wp-json\/wp\/v2\/categories?post=8379"},{"taxonomy":"post_tag","embeddable":true,"href":"https:\/\/salvadoracontece.com.br\/index.php\/wp-json\/wp\/v2\/tags?post=8379"}],"curies":[{"name":"wp","href":"https:\/\/api.w.org\/{rel}","templated":true}]}}