{"id":8388,"date":"2024-02-22T14:43:01","date_gmt":"2024-02-22T17:43:01","guid":{"rendered":"https:\/\/salvadoracontece.com.br\/?p=8388"},"modified":"2024-02-22T14:43:06","modified_gmt":"2024-02-22T17:43:06","slug":"pelo-segundo-ano-seguido-vinicius-jr-e-eleito-o-melhor-jogador-ibero-americano-da-temporada","status":"publish","type":"post","link":"https:\/\/salvadoracontece.com.br\/index.php\/2024\/02\/22\/pelo-segundo-ano-seguido-vinicius-jr-e-eleito-o-melhor-jogador-ibero-americano-da-temporada\/","title":{"rendered":"Pelo segundo ano seguido, Vin\u00edcius Jr \u00e9 eleito o melhor jogador Ibero-Americano da temporada"},"content":{"rendered":"\n<p>Atacante do Real Madrid e da Sele\u00e7\u00e3o Brasileira, Vin\u00edcius J\u00fanior foi eleito o melhor jogador Ibero-Americano da temporada 2022\/2023.<\/p>\n\n\n\n<p><br>Com 23 gols e 21 assist\u00eancias anotados em 55 partidas disputadas na temporada, o jovem atacante conquistou o pr\u00eamio realizado pela ag\u00eancia de not\u00edcias EFE.<\/p>\n\n\n\n<p>Vin\u00edcius \u00e9 o nono jogador na hist\u00f3ria do Real Madrid a receber o Trof\u00e9u EFE de melhor jogador ibero-americano.\u00a0<\/p>\n\n\n\n<p>Fonte: Bahia Not\u00edcias <\/p>\n","protected":false},"excerpt":{"rendered":"<p>Atacante do Real Madrid e da Sele\u00e7\u00e3o Brasileira, Vin\u00edcius J\u00fanior foi eleito o melhor jogador Ibero-Americano da temporada 2022\/2023. Com 23 gols e 21 assist\u00eancias anotados em 55 partidas disputadas na temporada, o jovem atacante conquistou o pr\u00eamio realizado pela ag\u00eancia de not\u00edcias EFE. Vin\u00edcius \u00e9 o nono jogador na hist\u00f3ria do Real Madrid a [&hellip;]<\/p>\n","protected":false},"author":2,"featured_media":8389,"comment_status":"open","ping_status":"open","sticky":false,"template":"","format":"standard","meta":{"footnotes":""},"categories":[89],"tags":[],"class_list":["post-8388","post","type-post","status-publish","format-standard","has-post-thumbnail","hentry","category-esportes"],"_links":{"self":[{"href":"https:\/\/salvadoracontece.com.br\/index.php\/wp-json\/wp\/v2\/posts\/8388","targetHints":{"allow":["GET"]}}],"collection":[{"href":"https:\/\/salvadoracontece.com.br\/index.php\/wp-json\/wp\/v2\/posts"}],"about":[{"href":"https:\/\/salvadoracontece.com.br\/index.php\/wp-json\/wp\/v2\/types\/post"}],"author":[{"embeddable":true,"href":"https:\/\/salvadoracontece.com.br\/index.php\/wp-json\/wp\/v2\/users\/2"}],"replies":[{"embeddable":true,"href":"https:\/\/salvadoracontece.com.br\/index.php\/wp-json\/wp\/v2\/comments?post=8388"}],"version-history":[{"count":1,"href":"https:\/\/salvadoracontece.com.br\/index.php\/wp-json\/wp\/v2\/posts\/8388\/revisions"}],"predecessor-version":[{"id":8390,"href":"https:\/\/salvadoracontece.com.br\/index.php\/wp-json\/wp\/v2\/posts\/8388\/revisions\/8390"}],"wp:featuredmedia":[{"embeddable":true,"href":"https:\/\/salvadoracontece.com.br\/index.php\/wp-json\/wp\/v2\/media\/8389"}],"wp:attachment":[{"href":"https:\/\/salvadoracontece.com.br\/index.php\/wp-json\/wp\/v2\/media?parent=8388"}],"wp:term":[{"taxonomy":"category","embeddable":true,"href":"https:\/\/salvadoracontece.com.br\/index.php\/wp-json\/wp\/v2\/categories?post=8388"},{"taxonomy":"post_tag","embeddable":true,"href":"https:\/\/salvadoracontece.com.br\/index.php\/wp-json\/wp\/v2\/tags?post=8388"}],"curies":[{"name":"wp","href":"https:\/\/api.w.org\/{rel}","templated":true}]}}