{"id":8415,"date":"2024-02-23T11:33:08","date_gmt":"2024-02-23T14:33:08","guid":{"rendered":"https:\/\/salvadoracontece.com.br\/?p=8415"},"modified":"2024-02-23T11:33:10","modified_gmt":"2024-02-23T14:33:10","slug":"advogados-de-daniel-alves-trabalham-por-soltura-ate-marco","status":"publish","type":"post","link":"https:\/\/salvadoracontece.com.br\/index.php\/2024\/02\/23\/advogados-de-daniel-alves-trabalham-por-soltura-ate-marco\/","title":{"rendered":"Advogados de Daniel Alves trabalham por soltura at\u00e9 mar\u00e7o"},"content":{"rendered":"\n<p>Condenado a quatro anos e meio de pris\u00e3o\u00a0por agress\u00e3o sexual, Daniel Alves vive expectativa de reduzir ainda mais sua pena. Segundo o jornal &#8216;La Vanguardia&#8217;, a defesa do ex-lateral da sele\u00e7\u00e3o brasileira trabalha para conseguir sua liberta\u00e7\u00e3o at\u00e9 o fim de mar\u00e7o, na Semana Santa. <\/p>\n\n\n\n<p>Daniel Alves est\u00e1 preso desde janeiro de 2022 e seus advogados j\u00e1 entraram com cinco pedidos de liberdade antes do julgamento, mas nenhum foi aceito pela Justi\u00e7a espanhola. Sua defesa acredita que, devido a pena baixa, os argumentos para n\u00e3o aceitar recursos caem.<\/p>\n\n\n\n<p>A Justi\u00e7a negou os recursos ap\u00f3s alegar risco de fuga, destrui\u00e7\u00e3o de provas ou reincid\u00eancia. A v\u00edtima do jogador pedia puni\u00e7\u00e3o m\u00e1xima de 12 anos, enquanto o Minist\u00e9rio P\u00fablico pediu nove anos. No final, ele foi condenado a quatro anos e meio e mais cinco de liberdade vigiada.<\/p>\n\n\n\n<p>Ainda segundo a reportagem, Daniel Alves tamb\u00e9m deve sugerir o pagamento de um dep\u00f3sito como garantia de que n\u00e3o vai fugir. Contudo, o brasileiro sofre com problemas financeiros por causa de uma briga judicial com Dinorah Santana, sua ex-esposa. Isso resultou no bloqueio de suas contas banc\u00e1rias.<\/p>\n\n\n\n<p>Antes de come\u00e7ar seu julgamento, o atleta bancou uma indeniza\u00e7\u00e3o de 150 mil euros (R$ 801 mil) para a acusa\u00e7\u00e3o ser retirada. A v\u00edtima recusou a proposta, mas o pagamento foi feito ainda assim, ent\u00e3o a Justi\u00e7a da Espanha considerou que isso serviu como atenuante da pena.<\/p>\n\n\n\n<p>Fonte: A Tarde <\/p>\n","protected":false},"excerpt":{"rendered":"<p>Condenado a quatro anos e meio de pris\u00e3o\u00a0por agress\u00e3o sexual, Daniel Alves vive expectativa de reduzir ainda mais sua pena. Segundo o jornal &#8216;La Vanguardia&#8217;, a defesa do ex-lateral da sele\u00e7\u00e3o brasileira trabalha para conseguir sua liberta\u00e7\u00e3o at\u00e9 o fim de mar\u00e7o, na Semana Santa. Daniel Alves est\u00e1 preso desde janeiro de 2022 e seus [&hellip;]<\/p>\n","protected":false},"author":2,"featured_media":8416,"comment_status":"open","ping_status":"open","sticky":false,"template":"","format":"standard","meta":{"footnotes":""},"categories":[89],"tags":[],"class_list":["post-8415","post","type-post","status-publish","format-standard","has-post-thumbnail","hentry","category-esportes"],"_links":{"self":[{"href":"https:\/\/salvadoracontece.com.br\/index.php\/wp-json\/wp\/v2\/posts\/8415","targetHints":{"allow":["GET"]}}],"collection":[{"href":"https:\/\/salvadoracontece.com.br\/index.php\/wp-json\/wp\/v2\/posts"}],"about":[{"href":"https:\/\/salvadoracontece.com.br\/index.php\/wp-json\/wp\/v2\/types\/post"}],"author":[{"embeddable":true,"href":"https:\/\/salvadoracontece.com.br\/index.php\/wp-json\/wp\/v2\/users\/2"}],"replies":[{"embeddable":true,"href":"https:\/\/salvadoracontece.com.br\/index.php\/wp-json\/wp\/v2\/comments?post=8415"}],"version-history":[{"count":1,"href":"https:\/\/salvadoracontece.com.br\/index.php\/wp-json\/wp\/v2\/posts\/8415\/revisions"}],"predecessor-version":[{"id":8417,"href":"https:\/\/salvadoracontece.com.br\/index.php\/wp-json\/wp\/v2\/posts\/8415\/revisions\/8417"}],"wp:featuredmedia":[{"embeddable":true,"href":"https:\/\/salvadoracontece.com.br\/index.php\/wp-json\/wp\/v2\/media\/8416"}],"wp:attachment":[{"href":"https:\/\/salvadoracontece.com.br\/index.php\/wp-json\/wp\/v2\/media?parent=8415"}],"wp:term":[{"taxonomy":"category","embeddable":true,"href":"https:\/\/salvadoracontece.com.br\/index.php\/wp-json\/wp\/v2\/categories?post=8415"},{"taxonomy":"post_tag","embeddable":true,"href":"https:\/\/salvadoracontece.com.br\/index.php\/wp-json\/wp\/v2\/tags?post=8415"}],"curies":[{"name":"wp","href":"https:\/\/api.w.org\/{rel}","templated":true}]}}